{"id":11945,"date":"2021-12-28T15:28:57","date_gmt":"2021-12-28T18:28:57","guid":{"rendered":"https:\/\/hostnetart.com.br\/baixada\/vacinacao-infantil-deve-comecar-em-janeiro-diz-ministerio-da-saude\/"},"modified":"2021-12-28T15:28:57","modified_gmt":"2021-12-28T18:28:57","slug":"vacinacao-infantil-deve-comecar-em-janeiro-diz-ministerio-da-saude","status":"publish","type":"post","link":"https:\/\/hostnetart.com.br\/baixada\/vacinacao-infantil-deve-comecar-em-janeiro-diz-ministerio-da-saude\/","title":{"rendered":"Vacina\u00e7\u00e3o infantil deve come\u00e7ar em janeiro, diz Minist\u00e9rio da Sa\u00fade"},"content":{"rendered":"<p>O Minist\u00e9rio da Sa\u00fade dever\u00e1 informou hoje (27) que deve come\u00e7ar a vacina\u00e7\u00e3o infantil (5 a 11 anos) a partir de janeiro, mas n\u00e3o precisou a data. Limitou-se a dizer que a imuniza\u00e7\u00e3o depende tamb\u00e9m do t\u00e9rmino da consulta p\u00fablica sobre o tema (clique\u00a0<strong><a href=\"https:\/\/www.gov.br\/saude\/pt-br\/assuntos\/noticias\/2021-1\/dezembro\/aberta-consulta-publica-sobre-vacinacao-de-criancas-contra-covid-19\" target=\"_blank\" rel=\"noopener noreferrer\">aqui<\/a><\/strong>\u00a0para participar), que termina no pr\u00f3ximo dia 5.<\/p>\n<p>\u201cA recomenda\u00e7\u00e3o do Minist\u00e9rio da Sa\u00fade \u00e9 pela inclus\u00e3o das crian\u00e7as de 5 a 11 anos na Plano Nacional de Operacionaliza\u00e7\u00e3o da Vacina\u00e7\u00e3o contra a Covid-19 (PNO), conforme posicionamento oficial da pasta declarado em consulta p\u00fablica no dia 23 de dezembro e refor\u00e7ado pelo ministro da Sa\u00fade em manifesta\u00e7\u00f5es p\u00fablicas\u201d, declarou a pasta, por meio de nota. \u201cNo dia 5 de janeiro, ap\u00f3s ouvir a sociedade, a pasta formalizar\u00e1 sua decis\u00e3o e, mantida a recomenda\u00e7\u00e3o, a imuniza\u00e7\u00e3o desta faixa et\u00e1ria deve iniciar ainda em janeiro.\u201d<\/p>\n<p>A declara\u00e7\u00e3o do Minist\u00e9rio da Sa\u00fade ocorre em meio a press\u00f5es. Na v\u00e9spera do Natal, o ministro\u00a0do Supremo Tribunal Federal (STF) Ricardo Lewandowski deu cinco dias para o governo de Jair Bolsonaro explicar a exig\u00eancia de prescri\u00e7\u00e3o m\u00e9dica para a vacina\u00e7\u00e3o infantil contra a covid-19. O ministro \u00e9 o relator de a\u00e7\u00e3o movida por partidos de oposi\u00e7\u00e3o, que pediram que o Supremo determinasse ao\u00a0Minist\u00e9rio da Sa\u00fade\u00a0a disponibiliza\u00e7\u00e3o, \u201cde forma imediata e em conson\u00e2ncia com as recomenda\u00e7\u00f5es t\u00e9cnicas da Anvisa\u201d, do imunizante para as crian\u00e7as de 5 a 11 anos, \u201cindependentemente de prescri\u00e7\u00e3o m\u00e9dica ou de qualquer outro obst\u00e1culo imposto pelo governo ao direito \u00e0 sa\u00fade e \u00e0 vida\u201d.<\/p>\n<p>A a\u00e7\u00e3o foi protocolada no dia 23, logo que o ministro da Sa\u00fade,\u00a0Marcelo Queiroga, afirmou que o\u00a0governo federal requisitaria prescri\u00e7\u00e3o m\u00e9dica e assinatura de um termo de responsabiliza\u00e7\u00e3o dos pais. N\u00e3o existem tais exig\u00eancias em outros grupos que j\u00e1 tiveram a vacina\u00e7\u00e3o autorizada.<\/p>\n<h2><span style=\"text-decoration: underline;\">Vacina\u00e7\u00e3o infantil<\/span><\/h2>\n<p>No \u00faltimo dia 19, em solenidade na Caixa Econ\u00f4mica Federal, Bolsonaro chegou dizer que a imuniza\u00e7\u00e3o infantil \u00e9 \u201ccoisa muito s\u00e9ria\u201d, cogitando medidas como a exig\u00eancia de apresenta\u00e7\u00e3o de receita m\u00e9dica na hora da vacina\u00e7\u00e3o. \u201cCrian\u00e7a \u00e9 uma\u00a0coisa muito s\u00e9ria. N\u00e3o se sabe os poss\u00edveis efeitos adversos futuros\u201d, disse Bolsonaro, em um tom que passou a ser seguido por Queiroga. O discurso, que passou a ser seguido \u00e0 risca pelo ministro, tem o mesmo objetivo de atrapalhar a divulga\u00e7\u00e3o de calend\u00e1rios e atrasar o in\u00edcio da vacina\u00e7\u00e3o de adultos em meados de 2020, quando o presidente espalhou sua tese de que o vacinado poderia ser transformado em jacar\u00e9.<\/p>\n<p>Ainda no \u00e2mbito da a\u00e7\u00e3o da oposi\u00e7\u00e3o, a secret\u00e1ria extraordin\u00e1ria de Enfrentamento \u00e0 Covid-19, Rosane Leite de Melo, enviou nota t\u00e9cnica ao ministro Lewandowski. No documento ela escreveu, entre outras coisas, que \u201cantes de recomendar a vacina\u00e7\u00e3o da\u00a0covid-19\u00a0para crian\u00e7as, os cientistas realizaram testes cl\u00ednicos com milhares de crian\u00e7as e nenhuma preocupa\u00e7\u00e3o s\u00e9ria de seguran\u00e7a foi identificada\u201d. Destacando a seguran\u00e7a da vacina, a secret\u00e1ria se op\u00f4s ao discurso do presidente e do ministro Marcelo Queiroga, no caso, seu chefe.<\/p>\n<p>H\u00e1 press\u00e3o tamb\u00e9m dos governos estaduais. Pelo menos 17 estados e o Distrito Federal n\u00e3o v\u00e3o exigir prescri\u00e7\u00e3o m\u00e9dica para vacinar as crian\u00e7as: Acre, Bahia, Cear\u00e1, Distrito Federal, Esp\u00edrito Santo, Goi\u00e1s, Maranh\u00e3o, Mato Grosso do Sul, Minas Gerais, Para\u00edba, Par\u00e1, Paran\u00e1, Pernambuco, Piau\u00ed, Rio Grande do Sul, S\u00e3o Paulo, Santa Catarina\u00a0e\u00a0Sergipe. Outros ainda n\u00e3o se manifestaram.<\/p>\n<p>A dispensa da prescri\u00e7\u00e3o m\u00e9dica \u00e9 uma orienta\u00e7\u00e3o do Conselho Nacional de Secret\u00e1rios de Sa\u00fade\u00a0(Conass), assinada na v\u00e9spera do Natal. No mesmo dia, a entidade que congrega os secretarios estaduais de sa\u00fade, divulgou carta aberta \u00e0s crian\u00e7as brasileiras.<\/p>\n<h2><span style=\"text-decoration: underline;\">A ci\u00eancia vencer\u00e1<\/span><\/h2>\n<p>\u201cInfelizmente h\u00e1 quem ache natural perder a vida de voc\u00eas, pequeninos, para o coronav\u00edrus. Mas com o Z\u00e9 Gotinha j\u00e1 vencemos a poliomielite, o sarampo e mais de 20 doen\u00e7as imunopreven\u00edveis. Por isso, no lugar de dificultar, a gente procura facilitar a vacina\u00e7\u00e3o de todos os brasileirinhos. E \u00e9 esse recado que queremos dar no dia de hoje, v\u00e9spera de Natal: quando iniciarmos a vacina\u00e7\u00e3o de nossas crian\u00e7as, avisem aos papais e \u00e0s mam\u00e3es: n\u00e3o ser\u00e1<br \/>necess\u00e1rio nenhum documento de m\u00e9dico recomendando que tomem a vacina. A ci\u00eancia vencer\u00e1\u201d, diz trecho da carta assinada pelo presidente do Conass, Carlos Lula, secret\u00e1rio no Maranh\u00e3o.<\/p>\n<p>Segundo dados do Censo 2010 do IBGE, existem aproximadamente 20 milh\u00f5es de crian\u00e7as com idade entre 5 e 11 anos no Brasil, . At\u00e9 o dia 6 de dezembro passado, no sistema \u201ce-SUS Notifica\u201d foram registrados 565.913 casos de<br \/>Covid-19 e 286 \u00f3bitos pela doen\u00e7a nessa faixa et\u00e1ria, sendo o maior n\u00famero de casos absolutos nas regi\u00f5es Sul e Sudeste, e o maior n\u00famero de \u00f3bitos nas regi\u00f5es Nordeste e Sudeste, respectivamente. At\u00e9 o in\u00edcio do m\u00eas, nos Estados Unidos, j\u00e1 foram aplicadas mais de 7.141.428 doses da vacina pedi\u00e1trica da Pfizer em crian\u00e7as da faixa et\u00e1ria, sendo que 5.126.642 como primeira dose e 2.014.786 como segunda. Dor, febre, dor de cabe\u00e7a, v\u00f4mitos e falta de apetite foram os principais efeitos colaterais.<\/p>\n<p>Houve oito casos de miocardite (inflama\u00e7\u00e3o do m\u00fasculo card\u00edaco) em mais de 7 milh\u00f5es de doses aplicadas (dois casos ap\u00f3s a primeira dose e 6 casos ap\u00f3s a segunda), todos eles classificados como de evolu\u00e7\u00e3o cl\u00ednica favor\u00e1vel. Esses dados preliminares mostram, portanto, um risco substancialmente menor deste evento adverso comparado com o risco previamente observado em adolescentes e adultos jovens ap\u00f3s a vacina\u00e7\u00e3o. Algumas perguntas permanecem sem respostas sobre a vacina\u00e7\u00e3o contra a covid-19 em crian\u00e7as de 5 a 11 anos, incluindo a dura\u00e7\u00e3o da prote\u00e7\u00e3o e a necessidade de doses de refor\u00e7o, especialmente por conta do menor risco dedoen\u00e7a grave nessa faixa et\u00e1ria.<\/p>\n<p>O m\u00e9dico sanitarista Gonzalo Vecina voltou a refor\u00e7ar a seguran\u00e7a da vacina infantil aprovada para crian\u00e7as. O imunizante que j\u00e1 est\u00e1 sendo aplicado em crian\u00e7as de 5 a 11 anos em 13 pa\u00edses, segundo ele, traz diferen\u00e7as em rela\u00e7\u00e3o \u00e0quele aplicado em adultos. \u201cH\u00e1 diferen\u00e7as nas cores da embalagem, para evitar confus\u00e3o na hora a aplica\u00e7\u00e3o. E o conte\u00fado de sua dose equivale a um ter\u00e7o da do adulto. Foi comprovado que n\u00e3o tem risco. Mais de 7 milh\u00f5es de doses ja foram aplicadas em crian\u00e7as nos Estados Unidos. E desse total, apenas 7 casos de miocardite, que \u00e9 tratada com antiinflamat\u00f3rios. Al\u00e9m disso, a chance de pegar miocardite \u00e9 40 vezes maior na presen\u00e7a da covid do que ao se tomar a vacina, que protege as pessoas, protege as crian\u00e7as. Esse \u00e9 o caminho\u201d, disse.<\/p>\n<p><strong>Fonte: Rede Brasil Atual<\/strong><\/p>\n","protected":false},"excerpt":{"rendered":"<p>O Minist\u00e9rio da Sa\u00fade dever\u00e1 informou hoje (27) que deve come\u00e7ar a vacina\u00e7\u00e3o infantil (5 a 11 anos) a partir de janeiro, mas n\u00e3o precisou a data. Limitou-se a dizer que a imuniza\u00e7\u00e3o depende tamb\u00e9m do t\u00e9rmino da consulta p\u00fablica sobre o tema (clique\u00a0aqui\u00a0para participar), que termina no pr\u00f3ximo dia 5. \u201cA recomenda\u00e7\u00e3o do Minist\u00e9rio [&hellip;]<\/p>\n","protected":false},"author":2,"featured_media":11944,"comment_status":"","ping_status":"","sticky":false,"template":"","format":"standard","meta":{"footnotes":""},"categories":[3],"tags":[],"class_list":["post-11945","post","type-post","status-publish","format-standard","has-post-thumbnail","hentry","category-noticias"],"_links":{"self":[{"href":"https:\/\/hostnetart.com.br\/baixada\/wp-json\/wp\/v2\/posts\/11945","targetHints":{"allow":["GET"]}}],"collection":[{"href":"https:\/\/hostnetart.com.br\/baixada\/wp-json\/wp\/v2\/posts"}],"about":[{"href":"https:\/\/hostnetart.com.br\/baixada\/wp-json\/wp\/v2\/types\/post"}],"author":[{"embeddable":true,"href":"https:\/\/hostnetart.com.br\/baixada\/wp-json\/wp\/v2\/users\/2"}],"replies":[{"embeddable":true,"href":"https:\/\/hostnetart.com.br\/baixada\/wp-json\/wp\/v2\/comments?post=11945"}],"version-history":[{"count":0,"href":"https:\/\/hostnetart.com.br\/baixada\/wp-json\/wp\/v2\/posts\/11945\/revisions"}],"wp:featuredmedia":[{"embeddable":true,"href":"https:\/\/hostnetart.com.br\/baixada\/wp-json\/wp\/v2\/media\/11944"}],"wp:attachment":[{"href":"https:\/\/hostnetart.com.br\/baixada\/wp-json\/wp\/v2\/media?parent=11945"}],"wp:term":[{"taxonomy":"category","embeddable":true,"href":"https:\/\/hostnetart.com.br\/baixada\/wp-json\/wp\/v2\/categories?post=11945"},{"taxonomy":"post_tag","embeddable":true,"href":"https:\/\/hostnetart.com.br\/baixada\/wp-json\/wp\/v2\/tags?post=11945"}],"curies":[{"name":"wp","href":"https:\/\/api.w.org\/{rel}","templated":true}]}}