{"id":11943,"date":"2021-12-28T14:33:40","date_gmt":"2021-12-28T17:33:40","guid":{"rendered":"https:\/\/hostnetart.com.br\/baixada\/desemprego-atinge-12-9-milhoes-informalidade-cresce-e-renda-cai-11\/"},"modified":"2021-12-28T14:33:40","modified_gmt":"2021-12-28T17:33:40","slug":"desemprego-atinge-12-9-milhoes-informalidade-cresce-e-renda-cai-11","status":"publish","type":"post","link":"https:\/\/hostnetart.com.br\/baixada\/desemprego-atinge-12-9-milhoes-informalidade-cresce-e-renda-cai-11\/","title":{"rendered":"Desemprego atinge 12,9 milh\u00f5es, informalidade cresce e renda cai 11%"},"content":{"rendered":"<p>A\u00a0taxa de desocupa\u00e7\u00e3o\u00a0do trimestre agosto-outubro caiu 2,5 pontos percentuais em rela\u00e7\u00e3o ao mesmo per\u00edodo no ano passado. Desse modo, segundo o Instituto Brasileiro de Geografia e Estat\u00edstica (IBGE), o desemprego atingiu o \u00edndice de 12,1%. A situa\u00e7\u00e3o afeta uma popula\u00e7\u00e3o de 12,9 milh\u00f5es de pessoas. Entretanto, o trabalho informal representa 40,7% da popula\u00e7\u00e3o ocupada, uma piora de 2,4 pontos percentuais em rela\u00e7\u00e3o ao trimestre agosto-outubro de 2020. Isso significa, segundo a Pesquisa Nacional por Amostra de Domic\u00edlio (Pnad Cont\u00ednua) divulgada nesta ter\u00e7a (28), 38,2 milh\u00f5es de pessoas desempenhando ocupa\u00e7\u00f5es sem direitos e nenhum tipo de prote\u00e7\u00e3o.<\/p>\n<p>Al\u00e9m disso, a sutil \u201crecupera\u00e7\u00e3o\u201d no \u00edndice de emprego n\u00e3o representou melhora na renda do trabalho. De acordo com a Pnad Cont\u00ednua, o\u00a0rendimento real habitual\u00a0caiu 4,6% caiu 11,1% em um ano. A renda m\u00e9dia dos ocupados, de R$ 2.556 em outubro de 2020, ficou em R$ 2.449. Entre os trabalhadores com carteira assinada, a redu\u00e7\u00e3o no ganho mensal foi de 8% e entre os informais foi de 11,9%. Em todas as demais formas de ocupa\u00e7\u00e3o consideradas pelo IBGE os rendimentos tamb\u00e9m ca\u00edram: trabalhador dom\u00e9stico (-5,1%), do setor p\u00fablico (-10,6%), empregador (-15%) e trabalhadores por Conta pr\u00f3pria (-4%).<\/p>\n<p>Na compara\u00e7\u00e3o anual, tamb\u00e9m n\u00e3o houve crescimento no rendimento em nenhum grupamento de atividade verificado pelo IBGE. Ao contr\u00e1rio, em seis deles houve redu\u00e7\u00f5es: Ind\u00fastria (-16,1%), Constru\u00e7\u00e3o (-7,4%), Com\u00e9rcio, repara\u00e7\u00e3o de ve\u00edculos automotores e motocicletas (- 10%), Informa\u00e7\u00e3o, Comunica\u00e7\u00e3o e Atividades Financeiras, Imobili\u00e1rias, Profissionais e Administrativas (-9,3%), Administra\u00e7\u00e3o p\u00fablica, defesa, seguridade social, educa\u00e7\u00e3o, sa\u00fade humana e servi\u00e7os sociais (-11,6%) e Servi\u00e7os dom\u00e9sticos (-5,1%).<\/p>\n<h2><span style=\"text-decoration: underline;\">Maus empregos<\/span><\/h2>\n<p>Os empregos com carteira seguem crescendo muito menos dos que os sem carteira assinada. Em outubro, segundo o IBGE, enquanto o primeiro grupo aumentou 8,1% em um ano, o segundo cresceu 19,8%. O cen\u00e1rio acaba refletindo \u2013 al\u00e9m da queda na renda do trabalho \u2013 na qualidade dos empregos. O pa\u00eds tem ainda 7,7 milh\u00f5es de pessoas trabalhando menos horas do que precisariam, a chamada subocupa\u00e7\u00e3o de m\u00e3o de obra. Isso representa um aumento de 17,7% dessa taxa em um ano \u2013 pois em outubro de 2020 eram 6,5 milh\u00f5es.<\/p>\n<p>J\u00e1 a popula\u00e7\u00e3o subutilizada ainda apresenta n\u00fameros alarmantes. S\u00e3o 29,9 milh\u00f5es de pessoas nessa condi\u00e7\u00e3o, apesar da redu\u00e7\u00e3o de 3,2 milh\u00f5es de pessoas em rela\u00e7\u00e3o ao ano anterior. O desalento \u2013 quando a pessoa desiste de procurar trabalho por falta de condi\u00e7\u00f5es \u2013 tamb\u00e9m segue afetando 5,1 milh\u00f5es de pessoas.<\/p>\n<p><em><a href=\"https:\/\/agenciadenoticias.ibge.gov.br\/agencia-sala-de-imprensa\/2013-agencia-de-noticias\/releases\/32621-pnad-continua-taxa-de-desocupacao-e-de-12-1-e-taxa-de-subutilizacao-de-25-7-no-trimestre-encerrado-em-outubro\" target=\"_blank\" rel=\"noopener noreferrer\">Com informa\u00e7\u00f5es da Ag\u00eancia de Not\u00edcias do IBGE<\/a><\/em><\/p>\n","protected":false},"excerpt":{"rendered":"<p>A\u00a0taxa de desocupa\u00e7\u00e3o\u00a0do trimestre agosto-outubro caiu 2,5 pontos percentuais em rela\u00e7\u00e3o ao mesmo per\u00edodo no ano passado. Desse modo, segundo o Instituto Brasileiro de Geografia e Estat\u00edstica (IBGE), o desemprego atingiu o \u00edndice de 12,1%. A situa\u00e7\u00e3o afeta uma popula\u00e7\u00e3o de 12,9 milh\u00f5es de pessoas. Entretanto, o trabalho informal representa 40,7% da popula\u00e7\u00e3o ocupada, uma [&hellip;]<\/p>\n","protected":false},"author":2,"featured_media":11942,"comment_status":"","ping_status":"","sticky":false,"template":"","format":"standard","meta":{"footnotes":""},"categories":[3],"tags":[],"class_list":["post-11943","post","type-post","status-publish","format-standard","has-post-thumbnail","hentry","category-noticias"],"_links":{"self":[{"href":"https:\/\/hostnetart.com.br\/baixada\/wp-json\/wp\/v2\/posts\/11943","targetHints":{"allow":["GET"]}}],"collection":[{"href":"https:\/\/hostnetart.com.br\/baixada\/wp-json\/wp\/v2\/posts"}],"about":[{"href":"https:\/\/hostnetart.com.br\/baixada\/wp-json\/wp\/v2\/types\/post"}],"author":[{"embeddable":true,"href":"https:\/\/hostnetart.com.br\/baixada\/wp-json\/wp\/v2\/users\/2"}],"replies":[{"embeddable":true,"href":"https:\/\/hostnetart.com.br\/baixada\/wp-json\/wp\/v2\/comments?post=11943"}],"version-history":[{"count":0,"href":"https:\/\/hostnetart.com.br\/baixada\/wp-json\/wp\/v2\/posts\/11943\/revisions"}],"wp:featuredmedia":[{"embeddable":true,"href":"https:\/\/hostnetart.com.br\/baixada\/wp-json\/wp\/v2\/media\/11942"}],"wp:attachment":[{"href":"https:\/\/hostnetart.com.br\/baixada\/wp-json\/wp\/v2\/media?parent=11943"}],"wp:term":[{"taxonomy":"category","embeddable":true,"href":"https:\/\/hostnetart.com.br\/baixada\/wp-json\/wp\/v2\/categories?post=11943"},{"taxonomy":"post_tag","embeddable":true,"href":"https:\/\/hostnetart.com.br\/baixada\/wp-json\/wp\/v2\/tags?post=11943"}],"curies":[{"name":"wp","href":"https:\/\/api.w.org\/{rel}","templated":true}]}}