{"id":11941,"date":"2021-12-27T21:43:59","date_gmt":"2021-12-28T00:43:59","guid":{"rendered":"https:\/\/hostnetart.com.br\/baixada\/entidades-promovem-debate-sobre-teletrabalho-com-empregados-da-caixa\/"},"modified":"2021-12-27T21:43:59","modified_gmt":"2021-12-28T00:43:59","slug":"entidades-promovem-debate-sobre-teletrabalho-com-empregados-da-caixa","status":"publish","type":"post","link":"https:\/\/hostnetart.com.br\/baixada\/entidades-promovem-debate-sobre-teletrabalho-com-empregados-da-caixa\/","title":{"rendered":"Entidades promovem debate sobre teletrabalho com empregados da Caixa"},"content":{"rendered":"<p>A Confedera\u00e7\u00e3o Nacional dos Trabalhadores do Ramo Financeiro (Contraf-CUT), a Associa\u00e7\u00e3o de Pessoal da Caixa Econ\u00f4mica Federal de S\u00e3o Paulo (APCEF\/SP), o Sindicato dos Banc\u00e1rios de S\u00e3o Paulo e o Sindicato dos Banc\u00e1rios de Bras\u00edlia realizam reuni\u00e3o virtual para debater problemas enfrentados pelos empregados das \u00e1reas-meio, na pr\u00f3xima ter\u00e7a-feira (28), \u00e0s 19h.<\/p>\n<p>A pol\u00edtica adotada pela dire\u00e7\u00e3o da Caixa colocou os empregados das \u00e1reas-meio da Caixa em uma situa\u00e7\u00e3o dif\u00edcil. Com a devolu\u00e7\u00e3o de pr\u00e9dios, o n\u00famero de esta\u00e7\u00f5es de trabalho dispon\u00edveis para os empregados atuarem presencialmente \u00e9 menor que a quantidade de empregados das \u00e1reas.<\/p>\n<p>A alternativa colocada atualmente pela Caixa para estes empregados, que \u00e9 o teletrabalho, possui diversos problemas, como a aus\u00eancia de controle de jornada, transfer\u00eancias de custos e responsabilidades da empresa para os empregados e previs\u00e3o de aumento das metas.<\/p>\n<p>Outro elemento que aumenta os problemas dos empregados destas unidades \u00e9 o fato de que a aplica\u00e7\u00e3o do teletrabalho em fun\u00e7\u00e3o da pandemia est\u00e1 prevista para finalizar no dia 31\/12, o que deve aumentar a quantidade de empregados sem posto para trabalhar.<\/p>\n<p>O diretor-presidente da APCEF\/SP, Leonardo Quadros, explica que a reuni\u00e3o \u00e9 para discutir estes problemas com os empregados destas \u00e1reas e atualiz\u00e1-los sobre como est\u00e3o as discuss\u00f5es sobre teletrabalho com a Caixa. \u201cA reuni\u00e3o deve ser realizada de forma virtual e o link ser\u00e1 disponibilizado em breve\u201d, conclui Leonardo.<\/p>\n<p>\u201c\u00c9 um tema que os empregados t\u00eam de se apropriar. A pandemia veio para antecipar um debate que era previsto daqui h\u00e1 pelo menos 5 anos e \u00e9 necess\u00e1rio termos regras claras paro teletrabalho na Caixa no p\u00f3s-pandemia\u201d, afirmou a coordenadora da CEE\/Caixa e secret\u00e1ria da Cultura da Confedera\u00e7\u00e3o Nacional dos Trabalhadores do Ramo Financeiro (Contraf-CUT), Fabiana Uehara Proscholdt.<\/p>\n<p><strong>Fonte: Contraf-CUT<\/strong><\/p>\n","protected":false},"excerpt":{"rendered":"<p>A Confedera\u00e7\u00e3o Nacional dos Trabalhadores do Ramo Financeiro (Contraf-CUT), a Associa\u00e7\u00e3o de Pessoal da Caixa Econ\u00f4mica Federal de S\u00e3o Paulo (APCEF\/SP), o Sindicato dos Banc\u00e1rios de S\u00e3o Paulo e o Sindicato dos Banc\u00e1rios de Bras\u00edlia realizam reuni\u00e3o virtual para debater problemas enfrentados pelos empregados das \u00e1reas-meio, na pr\u00f3xima ter\u00e7a-feira (28), \u00e0s 19h. A pol\u00edtica adotada [&hellip;]<\/p>\n","protected":false},"author":2,"featured_media":11940,"comment_status":"","ping_status":"","sticky":false,"template":"","format":"standard","meta":{"footnotes":""},"categories":[3],"tags":[],"class_list":["post-11941","post","type-post","status-publish","format-standard","has-post-thumbnail","hentry","category-noticias"],"_links":{"self":[{"href":"https:\/\/hostnetart.com.br\/baixada\/wp-json\/wp\/v2\/posts\/11941","targetHints":{"allow":["GET"]}}],"collection":[{"href":"https:\/\/hostnetart.com.br\/baixada\/wp-json\/wp\/v2\/posts"}],"about":[{"href":"https:\/\/hostnetart.com.br\/baixada\/wp-json\/wp\/v2\/types\/post"}],"author":[{"embeddable":true,"href":"https:\/\/hostnetart.com.br\/baixada\/wp-json\/wp\/v2\/users\/2"}],"replies":[{"embeddable":true,"href":"https:\/\/hostnetart.com.br\/baixada\/wp-json\/wp\/v2\/comments?post=11941"}],"version-history":[{"count":0,"href":"https:\/\/hostnetart.com.br\/baixada\/wp-json\/wp\/v2\/posts\/11941\/revisions"}],"wp:featuredmedia":[{"embeddable":true,"href":"https:\/\/hostnetart.com.br\/baixada\/wp-json\/wp\/v2\/media\/11940"}],"wp:attachment":[{"href":"https:\/\/hostnetart.com.br\/baixada\/wp-json\/wp\/v2\/media?parent=11941"}],"wp:term":[{"taxonomy":"category","embeddable":true,"href":"https:\/\/hostnetart.com.br\/baixada\/wp-json\/wp\/v2\/categories?post=11941"},{"taxonomy":"post_tag","embeddable":true,"href":"https:\/\/hostnetart.com.br\/baixada\/wp-json\/wp\/v2\/tags?post=11941"}],"curies":[{"name":"wp","href":"https:\/\/api.w.org\/{rel}","templated":true}]}}