{"id":11935,"date":"2021-12-23T17:11:46","date_gmt":"2021-12-23T20:11:46","guid":{"rendered":"https:\/\/hostnetart.com.br\/baixada\/coe-debate-remuneracao-variavel-com-o-itau\/"},"modified":"2021-12-23T17:11:46","modified_gmt":"2021-12-23T20:11:46","slug":"coe-debate-remuneracao-variavel-com-o-itau","status":"publish","type":"post","link":"https:\/\/hostnetart.com.br\/baixada\/coe-debate-remuneracao-variavel-com-o-itau\/","title":{"rendered":"COE debate remunera\u00e7\u00e3o vari\u00e1vel com o Ita\u00fa"},"content":{"rendered":"<div class=\"elementor-element elementor-element-194680ec elementor-widget elementor-widget-theme-post-content\" data-id=\"194680ec\" data-element_type=\"widget\" data-widget_type=\"theme-post-content.default\">\n<div class=\"elementor-widget-container\">\n<p>O banco Ita\u00fa apresentou na tarde desta quarta-feira (22) as principais altera\u00e7\u00f5es feitas no programa de remunera\u00e7\u00e3o vari\u00e1vel, o Gera, para 2022, em reuni\u00e3o realizada com a Comiss\u00e3o de Organiza\u00e7\u00e3o dos Empregados (COE) do Ita\u00fa.<\/p>\n<p>Entre elas est\u00e1 a compensa\u00e7\u00e3o de pontos no trimestre, que seria a m\u00e9dia de pontos em tr\u00eas meses, com a justificativa do funcion\u00e1rio ter a oportunidade de recuperar um mal desempenho em um dos meses.<\/p>\n<p>\u201cN\u00e3o concordamos com essa mudan\u00e7a, pois o pagamento mensal passa a ser trimestral. Muitos trabalhadores j\u00e1 programam suas contas contando com este dinheiro dentro do m\u00eas. N\u00f3s queremos a manuten\u00e7\u00e3o do pagamento mensal\u201d, afirmou Jair Alves, coordenador da COE Ita\u00fa.<\/p>\n<p>Para a remunera\u00e7\u00e3o semestral, as altera\u00e7\u00f5es s\u00e3o o fim da curva for\u00e7ada (Ranking entre gerentes), o fim da elegibilidade e a inclus\u00e3o de indicadores de produ\u00e7\u00e3o (cr\u00e9ditos e produtos). \u201c\u00c9 importante o banco apresentar todas as mudan\u00e7as formalizadas, para que o movimento sindical possa analisar e apresentar as contrapropostas. N\u00f3s queremos estabelecer o pagamento proporcional no programa\u201d, completou Jair Alves.<\/p>\n<p>Os representantes dos trabalhadores ainda pediram uma aten\u00e7\u00e3o especial na forma como essas mudan\u00e7as ser\u00e3o passadas para os gestores, com orienta\u00e7\u00f5es claras dessas altera\u00e7\u00f5es, at\u00e9 para manter a equipe motivada.<\/p>\n<p>A diretoria do Ita\u00fa disse que a equipe respons\u00e1vel pela formula\u00e7\u00e3o do GERA se comprometeu a participar das reuni\u00f5es informativas aos banc\u00e1rios.<\/p>\n<p><strong>Fonte: Contraf-CUT<\/strong><\/p>\n<\/div>\n<\/div>\n","protected":false},"excerpt":{"rendered":"<p>O banco Ita\u00fa apresentou na tarde desta quarta-feira (22) as principais altera\u00e7\u00f5es feitas no programa de remunera\u00e7\u00e3o vari\u00e1vel, o Gera, para 2022, em reuni\u00e3o realizada com a Comiss\u00e3o de Organiza\u00e7\u00e3o dos Empregados (COE) do Ita\u00fa. Entre elas est\u00e1 a compensa\u00e7\u00e3o de pontos no trimestre, que seria a m\u00e9dia de pontos em tr\u00eas meses, com a [&hellip;]<\/p>\n","protected":false},"author":2,"featured_media":11934,"comment_status":"","ping_status":"","sticky":false,"template":"","format":"standard","meta":{"footnotes":""},"categories":[3],"tags":[],"class_list":["post-11935","post","type-post","status-publish","format-standard","has-post-thumbnail","hentry","category-noticias"],"_links":{"self":[{"href":"https:\/\/hostnetart.com.br\/baixada\/wp-json\/wp\/v2\/posts\/11935","targetHints":{"allow":["GET"]}}],"collection":[{"href":"https:\/\/hostnetart.com.br\/baixada\/wp-json\/wp\/v2\/posts"}],"about":[{"href":"https:\/\/hostnetart.com.br\/baixada\/wp-json\/wp\/v2\/types\/post"}],"author":[{"embeddable":true,"href":"https:\/\/hostnetart.com.br\/baixada\/wp-json\/wp\/v2\/users\/2"}],"replies":[{"embeddable":true,"href":"https:\/\/hostnetart.com.br\/baixada\/wp-json\/wp\/v2\/comments?post=11935"}],"version-history":[{"count":0,"href":"https:\/\/hostnetart.com.br\/baixada\/wp-json\/wp\/v2\/posts\/11935\/revisions"}],"wp:featuredmedia":[{"embeddable":true,"href":"https:\/\/hostnetart.com.br\/baixada\/wp-json\/wp\/v2\/media\/11934"}],"wp:attachment":[{"href":"https:\/\/hostnetart.com.br\/baixada\/wp-json\/wp\/v2\/media?parent=11935"}],"wp:term":[{"taxonomy":"category","embeddable":true,"href":"https:\/\/hostnetart.com.br\/baixada\/wp-json\/wp\/v2\/categories?post=11935"},{"taxonomy":"post_tag","embeddable":true,"href":"https:\/\/hostnetart.com.br\/baixada\/wp-json\/wp\/v2\/tags?post=11935"}],"curies":[{"name":"wp","href":"https:\/\/api.w.org\/{rel}","templated":true}]}}