{"id":11921,"date":"2021-12-21T13:47:56","date_gmt":"2021-12-21T16:47:56","guid":{"rendered":"https:\/\/hostnetart.com.br\/baixada\/confira-o-funcionamento-de-bancos-neste-fim-de-ano\/"},"modified":"2021-12-21T13:47:56","modified_gmt":"2021-12-21T16:47:56","slug":"confira-o-funcionamento-de-bancos-neste-fim-de-ano","status":"publish","type":"post","link":"https:\/\/hostnetart.com.br\/baixada\/confira-o-funcionamento-de-bancos-neste-fim-de-ano\/","title":{"rendered":"Confira o funcionamento de bancos neste fim de ano"},"content":{"rendered":"<div class=\"mc-column content-text active-extra-styles active-capital-letter\" data-block-type=\"unstyled\" data-block-weight=\"23\" data-block-id=\"1\">\n<p class=\"content-text__container theme-color-primary-first-letter\" data-track-category=\"Link no Texto\" data-track-links=\"\">A Federa\u00e7\u00e3o Brasileira de Bancos (Febraban) divulgou nesta ter\u00e7a-feira (14) o hor\u00e1rio de funcionamento dos bancos nos feriados de Natal e ano novo.<\/p>\n<\/div>\n<div class=\"wall protected-content\">\n<div class=\"mc-column content-text active-extra-styles \" data-block-type=\"unstyled\" data-block-weight=\"15\" data-block-id=\"2\">\n<p class=\"content-text__container \" data-track-category=\"Link no Texto\" data-track-links=\"\"><strong>No dia 24\/12 (sexta-feira),\u00a0<\/strong>as ag\u00eancias banc\u00e1rias abrem para atendimento ao p\u00fablico em hor\u00e1rio especial:\u00a0<\/p>\n<\/div>\n<div class=\"mc-column content-text active-extra-styles\" data-block-type=\"raw\" data-block-weight=\"78\" data-block-id=\"3\">\n<ul class=\"content-unordered-list\">\n<li>Nos estados com\u00a0<strong>hor\u00e1rio igual ao de Bras\u00edlia<\/strong>, o expediente ao p\u00fablico ser\u00e1 das<strong>\u00a09h \u00e0s 11h<\/strong>.<\/li>\n<li>J\u00e1 nos estados com<strong>\u00a0diferen\u00e7a de 1 hora em rela\u00e7\u00e3o \u00e0 Bras\u00edlia<\/strong>, o hor\u00e1rio ser\u00e1 das\u00a0<strong>8h \u00e0s 10h<\/strong>\u00a0na hora local e das\u00a0<strong>9h \u00e0s 11h<\/strong>\u00a0no hor\u00e1rio de Bras\u00edlia.<\/li>\n<li>Nos estados com\u00a0<strong>diferen\u00e7a de 2 horas em rela\u00e7\u00e3o \u00e0 Bras\u00edlia<\/strong>, o hor\u00e1rio ser\u00e1 das<strong>\u00a08h \u00e0s 10h\u00a0<\/strong>na hora local e das\u00a0<strong>10h \u00e0s 12h<\/strong>\u00a0no hor\u00e1rio de Bras\u00edlia.\u00a0<\/li>\n<\/ul>\n<\/div>\n<div class=\"mc-column content-text active-extra-styles \" data-block-type=\"unstyled\" data-block-weight=\"30\" data-block-id=\"4\">\n<p class=\"content-text__container \" data-track-category=\"Link no Texto\" data-track-links=\"\">O \u00faltimo dia \u00fatil do ano para atendimento ao p\u00fablico, com expediente normal para a realiza\u00e7\u00e3o de todas as opera\u00e7\u00f5es banc\u00e1rias solicitadas pelos clientes, ser\u00e1 30 de dezembro (quinta-feira).<\/p>\n<\/div>\n<div class=\"mc-column content-text active-extra-styles \" data-block-type=\"unstyled\" data-block-weight=\"14\" data-block-id=\"5\">\n<p class=\"content-text__container \" data-track-category=\"Link no Texto\" data-track-links=\"\"><span class=\"highlight highlighted\">J\u00e1 no dia 31 de dezembro (sexta-feira), as institui\u00e7\u00f5es financeiras n\u00e3o abrem para atendimento<\/span>.<\/p>\n<\/div>\n<div class=\"mc-column content-text active-extra-styles \" data-block-type=\"unstyled\" data-block-weight=\"13\" data-block-id=\"6\">\n<p class=\"content-text__container \" data-track-category=\"Link no Texto\" data-track-links=\"\">Os bancos n\u00e3o funcionar\u00e3o nos dias de Natal (25\/12) e Confraterniza\u00e7\u00e3o Universal (01\/01).<\/p>\n<\/div>\n<div class=\"mc-column content-text active-extra-styles\" data-block-type=\"raw\" data-block-weight=\"4\" data-block-id=\"7\">\n<div class=\"content-intertitle\">\n<h2><span style=\"text-decoration: underline;\">Alternativas para opera\u00e7\u00f5es banc\u00e1rias<\/span>\u00a0<\/h2>\n<\/div>\n<\/div>\n<div class=\"mc-column content-text active-extra-styles \" data-block-type=\"unstyled\" data-block-weight=\"26\" data-block-id=\"8\">\n<p class=\"content-text__container \" data-track-category=\"Link no Texto\" data-track-links=\"\">A popula\u00e7\u00e3o poder\u00e1 utilizar os meios eletr\u00f4nicos de atendimento banc\u00e1rio, como mobile e internet banking, caixas eletr\u00f4nicos, banco por telefone e correspondentes para fazer transa\u00e7\u00f5es financeiras.<\/p>\n<\/div>\n<div class=\"mc-column content-text active-extra-styles \" data-block-type=\"unstyled\" data-block-weight=\"41\" data-block-id=\"10\">\n<p class=\"content-text__container \" data-track-category=\"Link no Texto\" data-track-links=\"\">Os carn\u00eas e contas de consumo (como \u00e1gua, energia, telefone, etc.) vencidos no feriado\u00a0<span class=\"highlight highlighted\">poder\u00e3o ser pagos sem acr\u00e9scimo no dia \u00fatil seguinte<\/span>. Normalmente, os tributos j\u00e1 est\u00e3o com as datas ajustadas ao calend\u00e1rio de feriados, sejam federais, estaduais ou municipais.<\/p>\n<\/div>\n<div class=\"mc-column content-text active-extra-styles \" data-block-type=\"unstyled\" data-block-weight=\"33\" data-block-id=\"11\">\n<p class=\"content-text__container \" data-track-category=\"Link no Texto\" data-track-links=\"\">\u201cMesmo durante feriados, os canais digitais e caixas eletr\u00f4nicos est\u00e3o dispon\u00edveis e oferecem praticamente a totalidade das transa\u00e7\u00f5es financeiras do sistema banc\u00e1rio\u201d, ressalta o diretor-adjunto de Servi\u00e7os da Febraban, Walter Tadeu de Faria.<\/p>\n<\/div>\n<div class=\"mc-column content-text active-extra-styles \" data-block-type=\"unstyled\" data-block-weight=\"45\" data-block-id=\"12\">\n<p class=\"content-text__container \" data-track-category=\"Link no Texto\" data-track-links=\"\">Os clientes tamb\u00e9m podem agendar os pagamentos das contas de consumo ou pag\u00e1-las (as que t\u00eam c\u00f3digo de barras) nos pr\u00f3prios caixas autom\u00e1ticos. J\u00e1 os boletos banc\u00e1rios de clientes cadastrados como sacados eletr\u00f4nicos poder\u00e3o ser agendados ou pagos por meio do DDA (D\u00e9bito Direto Autorizado).<\/p>\n<p class=\"content-text__container \" data-track-category=\"Link no Texto\" data-track-links=\"\"><strong>Fonte: G1<\/strong><\/p>\n<\/div>\n<div class=\"block-podcast\">\u00a0<\/div>\n<\/div>\n","protected":false},"excerpt":{"rendered":"<p>A Federa\u00e7\u00e3o Brasileira de Bancos (Febraban) divulgou nesta ter\u00e7a-feira (14) o hor\u00e1rio de funcionamento dos bancos nos feriados de Natal e ano novo. No dia 24\/12 (sexta-feira),\u00a0as ag\u00eancias banc\u00e1rias abrem para atendimento ao p\u00fablico em hor\u00e1rio especial:\u00a0 Nos estados com\u00a0hor\u00e1rio igual ao de Bras\u00edlia, o expediente ao p\u00fablico ser\u00e1 das\u00a09h \u00e0s 11h. J\u00e1 nos estados [&hellip;]<\/p>\n","protected":false},"author":2,"featured_media":11920,"comment_status":"","ping_status":"","sticky":false,"template":"","format":"standard","meta":{"footnotes":""},"categories":[3],"tags":[],"class_list":["post-11921","post","type-post","status-publish","format-standard","has-post-thumbnail","hentry","category-noticias"],"_links":{"self":[{"href":"https:\/\/hostnetart.com.br\/baixada\/wp-json\/wp\/v2\/posts\/11921","targetHints":{"allow":["GET"]}}],"collection":[{"href":"https:\/\/hostnetart.com.br\/baixada\/wp-json\/wp\/v2\/posts"}],"about":[{"href":"https:\/\/hostnetart.com.br\/baixada\/wp-json\/wp\/v2\/types\/post"}],"author":[{"embeddable":true,"href":"https:\/\/hostnetart.com.br\/baixada\/wp-json\/wp\/v2\/users\/2"}],"replies":[{"embeddable":true,"href":"https:\/\/hostnetart.com.br\/baixada\/wp-json\/wp\/v2\/comments?post=11921"}],"version-history":[{"count":0,"href":"https:\/\/hostnetart.com.br\/baixada\/wp-json\/wp\/v2\/posts\/11921\/revisions"}],"wp:featuredmedia":[{"embeddable":true,"href":"https:\/\/hostnetart.com.br\/baixada\/wp-json\/wp\/v2\/media\/11920"}],"wp:attachment":[{"href":"https:\/\/hostnetart.com.br\/baixada\/wp-json\/wp\/v2\/media?parent=11921"}],"wp:term":[{"taxonomy":"category","embeddable":true,"href":"https:\/\/hostnetart.com.br\/baixada\/wp-json\/wp\/v2\/categories?post=11921"},{"taxonomy":"post_tag","embeddable":true,"href":"https:\/\/hostnetart.com.br\/baixada\/wp-json\/wp\/v2\/tags?post=11921"}],"curies":[{"name":"wp","href":"https:\/\/api.w.org\/{rel}","templated":true}]}}