{"id":1192,"date":"2013-07-10T00:00:00","date_gmt":"2013-07-10T03:00:00","guid":{"rendered":"https:\/\/hostnetart.com.br\/baixada\/quase-80-dos-brasileiros-querem-mais-mulheres-no-poder-diz-pesquisa\/"},"modified":"2013-07-10T00:00:00","modified_gmt":"2013-07-10T03:00:00","slug":"quase-80-dos-brasileiros-querem-mais-mulheres-no-poder-diz-pesquisa","status":"publish","type":"post","link":"https:\/\/hostnetart.com.br\/baixada\/quase-80-dos-brasileiros-querem-mais-mulheres-no-poder-diz-pesquisa\/","title":{"rendered":"Quase 80% dos brasileiros querem mais mulheres no poder, diz pesquisa"},"content":{"rendered":"<p>Oito em cada dez brasileiros ouvidos pelo Ibope e pelo Instituto Patr\u00edcia Galv\u00e3o (78% dos entrevistados) para uma pesquisa sobre a presen\u00e7a de mulheres na pol\u00edtica defenderam a obrigatoriedade de uma divis\u00e3o com o mesmo n\u00famero de candidatos e candidatas nas listas partid\u00e1rias para elei\u00e7\u00f5es.<\/p>\n<p>\u00a0<\/p>\n<p>Para 1,6 mil entrevistados, essa composi\u00e7\u00e3o meio a meio da lista de candidatos deveria ser obrigat\u00f3ria nas elei\u00e7\u00f5es para o Legislativo municipal, estadual e federal. Os dados fazem parte do estudo Mais Mulheres na Pol\u00edtica, divulgado nesta ter\u00e7a-feira (9) em Bras\u00edlia.<\/p>\n<p>\u00a0<\/p>\n<p>\u201cO Brasil ocupa o 121\u00ba lugar com rela\u00e7\u00e3o \u00e0 participa\u00e7\u00e3o das mulheres na pol\u00edtica em um ranking de 189 pa\u00edses\u201d, destacou a soci\u00f3loga F\u00e1tima Pacheco Jord\u00e3o, diretora do Instituto Patr\u00edcia Galv\u00e3o e integrante da Articula\u00e7\u00e3o de Mulheres Brasileiras. A lista revela que pa\u00edses como o Iraque e o Afeganist\u00e3o t\u00eam mais mulheres no poder do que no Brasil.<\/p>\n<p>\u00a0<\/p>\n<p>\u201cN\u00e3o estamos acostumados, nem no futebol, nem na economia, a ter uma posi\u00e7\u00e3o t\u00e3o vergonhosa quanto esta. Se continuar neste ritmo, levaremos 150 anos para atingir a paridade [entre homens e mulheres em cargos pol\u00edticos]. S\u00e3o 15 gera\u00e7\u00f5es\u201d, alertou a soci\u00f3loga.<\/p>\n<p>\u00a0<\/p>\n<p>O levantamento foi feito com base na resposta de mais de 2 mil pessoas com mais de 16 anos, entrevistados entre 11 e 15 de abril deste ano, em todas as regi\u00f5es do pa\u00eds. Deste total, a maioria (mais de 1,4 mil) considerou fundamental a altera\u00e7\u00e3o nas leis eleitorais para garantir que as mulheres representem a metade dos candidatos a cargos eleitivos. Atualmente, a legisla\u00e7\u00e3o eleitoral brasileira reserva 30% das candidaturas para as mulheres e apenas 10% do tempo de propaganda eleitoral para cotas de sexo.<\/p>\n<p>\u00a0<\/p>\n<p>No Senado Federal, entre 81 vagas, apenas 13 s\u00e3o ocupados por mulheres, sendo que, atualmente, oito senadoras exercem ativamente a atividade. Apenas uma das 11 comiss\u00f5es da Casa \u00e9 presidida por uma senadora. Na C\u00e2mara dos Deputados, das 513 vagas, 44 s\u00e3o ocupadas por mulheres e apenas uma das 21 comiss\u00f5es permanentes \u00e9 liderada por uma deputada. As mulheres ocupam apenas 10% das prefeituras e representam 12% dos membros das c\u00e2maras municipais.<\/p>\n<p>\u00a0<\/p>\n<p>A ministra Helena Chagas, que chefia a Secretaria de Comunica\u00e7\u00e3o Social da Presid\u00eancia da Rep\u00fablica, destacou que a pesquisa foi feita meses antes das manifesta\u00e7\u00f5es que tomaram, recentemente, as ruas do pa\u00eds. \u201c\u00c9 espantoso o quanto as mulheres t\u00eam baixa representa\u00e7\u00e3o nas institui\u00e7\u00f5es pol\u00edcas do pa\u00eds. O resultado da pesquisa mostra que todos reconhecem isso e que a representa\u00e7\u00e3o pol\u00edtica do pa\u00eds n\u00e3o reflete a sociedade\u201d, afirmou a ministra.<\/p>\n<p>\u00a0<\/p>\n<p>Helena Chagas lembrou que a popula\u00e7\u00e3o brasileira \u00e9 formada por mais de 52% de mulheres. \u201cSe a mulher, hoje, tem participa\u00e7\u00e3o expressiva no mercado de trabalho, na pol\u00edtica n\u00e3o institucional [em movimentos sociais e empresas, por exemplo], essa presen\u00e7a n\u00e3o se reflete, ao menos numericamente, no Parlamento\u201d, completou.<\/p>\n<p>\u00a0<\/p>\n<p>A ministra de Pol\u00edticas para as Mulheres, Eleonora Menicucci, ressaltou o fato de a maioria dos entrevistados associar a democracia a uma divis\u00e3o mais equilibrada entre a participa\u00e7\u00e3o de homens e mulheres nas listas partid\u00e1rias. \u201cA pesquisa evidencia que n\u00e3o existe processo democr\u00e1tico sem democracia de g\u00eanero e sem participa\u00e7\u00e3o das mulheres.\u201d<\/p>\n<p>\u00a0<\/p>\n<p>Os n\u00fameros divulgados hoje mostraram que, para 74% dos entrevistados, a garantia da democracia depende da presen\u00e7a de mais mulheres nos espa\u00e7os de poder e tomada de decis\u00f5es e que quase 1,5 mil entrevistados defendem puni\u00e7\u00e3o aos partidos que n\u00e3o apresentarem uma lista com 50% de candidatos e 50% de candidatas.<\/p>\n<p>\u00a0<\/p>\n<p>Para Eleonora Minecucci, o estudo mostra que a proposta do Executivo de um plebiscito sobre a reforma pol\u00edtica pode alterar a atual situa\u00e7\u00e3o. \u201cPretendemos que a sociedade brasileira d\u00ea o salto qualitativo da democracia representativa para a democracia participativa.\u201d<\/p>\n<p>\u00a0<\/p>\n<p>A maior parte das pessoas entrevistadas informou ter renda familiar entre um e cinco sal\u00e1rios m\u00ednimos, sendo que 55% declararam condi\u00e7\u00f5es equivalentes<\/p>\n<p>\u00a0<\/p>\n<p>Fonte: Ag\u00eancia Brasil<\/p>\n","protected":false},"excerpt":{"rendered":"<p>Oito em cada dez brasileiros ouvidos pelo Ibope e pelo Instituto Patr\u00edcia Galv\u00e3o (78% dos entrevistados) para uma pesquisa sobre a presen\u00e7a de mulheres na pol\u00edtica defenderam a obrigatoriedade de uma divis\u00e3o com o mesmo n\u00famero de candidatos e candidatas nas listas partid\u00e1rias para elei\u00e7\u00f5es. \u00a0 Para 1,6 mil entrevistados, essa composi\u00e7\u00e3o meio a meio [&hellip;]<\/p>\n","protected":false},"author":1,"featured_media":0,"comment_status":"","ping_status":"","sticky":false,"template":"","format":"standard","meta":{"footnotes":""},"categories":[3],"tags":[],"class_list":["post-1192","post","type-post","status-publish","format-standard","hentry","category-noticias"],"_links":{"self":[{"href":"https:\/\/hostnetart.com.br\/baixada\/wp-json\/wp\/v2\/posts\/1192","targetHints":{"allow":["GET"]}}],"collection":[{"href":"https:\/\/hostnetart.com.br\/baixada\/wp-json\/wp\/v2\/posts"}],"about":[{"href":"https:\/\/hostnetart.com.br\/baixada\/wp-json\/wp\/v2\/types\/post"}],"author":[{"embeddable":true,"href":"https:\/\/hostnetart.com.br\/baixada\/wp-json\/wp\/v2\/users\/1"}],"replies":[{"embeddable":true,"href":"https:\/\/hostnetart.com.br\/baixada\/wp-json\/wp\/v2\/comments?post=1192"}],"version-history":[{"count":0,"href":"https:\/\/hostnetart.com.br\/baixada\/wp-json\/wp\/v2\/posts\/1192\/revisions"}],"wp:attachment":[{"href":"https:\/\/hostnetart.com.br\/baixada\/wp-json\/wp\/v2\/media?parent=1192"}],"wp:term":[{"taxonomy":"category","embeddable":true,"href":"https:\/\/hostnetart.com.br\/baixada\/wp-json\/wp\/v2\/categories?post=1192"},{"taxonomy":"post_tag","embeddable":true,"href":"https:\/\/hostnetart.com.br\/baixada\/wp-json\/wp\/v2\/tags?post=1192"}],"curies":[{"name":"wp","href":"https:\/\/api.w.org\/{rel}","templated":true}]}}