{"id":11917,"date":"2021-12-20T17:30:25","date_gmt":"2021-12-20T20:30:25","guid":{"rendered":"https:\/\/hostnetart.com.br\/baixada\/apos-reivindicacao-do-gt-de-saude-itau-emite-comunicado-sobre-retorno-ao-trabalho-remoto\/"},"modified":"2021-12-20T17:30:25","modified_gmt":"2021-12-20T20:30:25","slug":"apos-reivindicacao-do-gt-de-saude-itau-emite-comunicado-sobre-retorno-ao-trabalho-remoto","status":"publish","type":"post","link":"https:\/\/hostnetart.com.br\/baixada\/apos-reivindicacao-do-gt-de-saude-itau-emite-comunicado-sobre-retorno-ao-trabalho-remoto\/","title":{"rendered":"Ap\u00f3s reivindica\u00e7\u00e3o do GT de Sa\u00fade, Ita\u00fa emite comunicado sobre retorno ao trabalho remoto"},"content":{"rendered":"<p>Atendendo a reivindica\u00e7\u00e3o do Grupo de Trabalho (GT) de Sa\u00fade, o banco Ita\u00fa voltou atr\u00e1s quanto ao retorno do grupo de risco ao trabalho presencial. A not\u00edcia foi divulgada pelo GT, no entanto, a comunica\u00e7\u00e3o com os gestores estava gerando d\u00favidas.\u00a0<\/p>\n<p>Em reuni\u00e3o realizada na \u00faltima sexta-feira (17), o GT cobrou do banco a divulga\u00e7\u00e3o para que\u00a0\u00a0 os banc\u00e1rios e as banc\u00e1rias que se enquadram nesta situa\u00e7\u00e3o pudessem optar pelo trabalho remoto. O banco atendendo a reivindica\u00e7\u00e3o, enviou o seguinte comunicado aos trabalhadores:<\/p>\n<p>\u201cAt\u00e9 que haja mais informa\u00e7\u00f5es sobre a variante \u00d4micron, os colaboradores com as patologias de maior vulnerabilidade para a Covid-19 (que s\u00e3o doen\u00e7as que levam \u00e0 imunossupress\u00e3o) que est\u00e3o trabalhando presencialmente podem optar por retornar ao modelo remoto. Se voc\u00ea faz parte do grupo de risco imunocomprometido e opta por retornar ao modelo remoto, entre em contato com o time de sa\u00fade ocupacional pelo e-mail\u00a0programas_bemestar@itau-unibanco.com.br\u00a0para que o caso seja avaliado\u201d.<\/p>\n<p>Para Luciana Duarte, coordenadora do GT de Sa\u00fade, os cuidados continuam, pois, a pandemia ainda n\u00e3o acabou, al\u00e9m da nova variante, ainda o surto de gripe influenza \u00e9 preocupante. \u201cContinuamos em mesa de negocia\u00e7\u00e3o para garantir protocolos seguros para o trabalho presencial e remoto\u201d, afirmou.<\/p>\n<p>De acordo com o secret\u00e1rio de Sa\u00fade e Condi\u00e7\u00f5es de Trabalho do Sindicato dos Banc\u00e1rios de S\u00e3o Paulo, Osasco e Regi\u00e3o, Carlos Damarindo, \u201cfoi importante a compreens\u00e3o do banco, pois apontamos que havia discrimina\u00e7\u00e3o entre os banc\u00e1rios de ag\u00eancias e de departamentos. Os de ag\u00eancia estavam sendo obrigado a retornarem ao trabalho presencial, mesmo com relat\u00f3rios atualizados. J\u00e1 os de \u00e1rea meio estavam no teletrabalho.\u201d<\/p>\n<p><strong>Fonte: Contraf-CUT<\/strong><\/p>\n","protected":false},"excerpt":{"rendered":"<p>Atendendo a reivindica\u00e7\u00e3o do Grupo de Trabalho (GT) de Sa\u00fade, o banco Ita\u00fa voltou atr\u00e1s quanto ao retorno do grupo de risco ao trabalho presencial. A not\u00edcia foi divulgada pelo GT, no entanto, a comunica\u00e7\u00e3o com os gestores estava gerando d\u00favidas.\u00a0 Em reuni\u00e3o realizada na \u00faltima sexta-feira (17), o GT cobrou do banco a divulga\u00e7\u00e3o [&hellip;]<\/p>\n","protected":false},"author":2,"featured_media":11916,"comment_status":"","ping_status":"","sticky":false,"template":"","format":"standard","meta":{"footnotes":""},"categories":[3],"tags":[],"class_list":["post-11917","post","type-post","status-publish","format-standard","has-post-thumbnail","hentry","category-noticias"],"_links":{"self":[{"href":"https:\/\/hostnetart.com.br\/baixada\/wp-json\/wp\/v2\/posts\/11917","targetHints":{"allow":["GET"]}}],"collection":[{"href":"https:\/\/hostnetart.com.br\/baixada\/wp-json\/wp\/v2\/posts"}],"about":[{"href":"https:\/\/hostnetart.com.br\/baixada\/wp-json\/wp\/v2\/types\/post"}],"author":[{"embeddable":true,"href":"https:\/\/hostnetart.com.br\/baixada\/wp-json\/wp\/v2\/users\/2"}],"replies":[{"embeddable":true,"href":"https:\/\/hostnetart.com.br\/baixada\/wp-json\/wp\/v2\/comments?post=11917"}],"version-history":[{"count":0,"href":"https:\/\/hostnetart.com.br\/baixada\/wp-json\/wp\/v2\/posts\/11917\/revisions"}],"wp:featuredmedia":[{"embeddable":true,"href":"https:\/\/hostnetart.com.br\/baixada\/wp-json\/wp\/v2\/media\/11916"}],"wp:attachment":[{"href":"https:\/\/hostnetart.com.br\/baixada\/wp-json\/wp\/v2\/media?parent=11917"}],"wp:term":[{"taxonomy":"category","embeddable":true,"href":"https:\/\/hostnetart.com.br\/baixada\/wp-json\/wp\/v2\/categories?post=11917"},{"taxonomy":"post_tag","embeddable":true,"href":"https:\/\/hostnetart.com.br\/baixada\/wp-json\/wp\/v2\/tags?post=11917"}],"curies":[{"name":"wp","href":"https:\/\/api.w.org\/{rel}","templated":true}]}}