{"id":11913,"date":"2021-12-20T17:09:33","date_gmt":"2021-12-20T20:09:33","guid":{"rendered":"https:\/\/hostnetart.com.br\/baixada\/bancaria-do-itau-e-reintegrada-pelo-sindicato-dos-bancarios-da-baixada-fluminense-3\/"},"modified":"2021-12-20T17:09:33","modified_gmt":"2021-12-20T20:09:33","slug":"bancaria-do-itau-e-reintegrada-pelo-sindicato-dos-bancarios-da-baixada-fluminense-3","status":"publish","type":"post","link":"https:\/\/hostnetart.com.br\/baixada\/bancaria-do-itau-e-reintegrada-pelo-sindicato-dos-bancarios-da-baixada-fluminense-3\/","title":{"rendered":"Banc\u00e1ria do Ita\u00fa \u00e9 reintegrada pelo Sindicato dos Banc\u00e1rios da Baixada Fluminense"},"content":{"rendered":"<p>As reintegra\u00e7\u00f5es n\u00e3o param nem neste final de ano.<\/p>\n<p>Nesta segunda-feira, 20 de dezembro, o Sindicato dos Banc\u00e1rios da Baixada Fluminense reintegrou mais uma trabalhadora banc\u00e1ria.<\/p>\n<p>A reintegra\u00e7\u00e3o ocorreu na ag\u00eancia do Banco Ita\u00fa, localizada no munic\u00edpio de Santa Cruz da Serra e foi acompanhada pelos diretores do Sindicato: Dialas Coelho, Newton Fran\u00e7a, Claudio Leite, Ricardo S\u00e1 e Roberto Domingos.<\/p>\n<p>T\u00e1bata Roberta Gomes Barcelos foi desligada em plena pandemia do novo coronav\u00edrus, contrariando o compromisso de n\u00e3o demiss\u00e3o que os grandes bancos assumiram.<\/p>\n<p>Al\u00e9m disso, a banc\u00e1ria tamb\u00e9m obteve o benef\u00edcio previdenci\u00e1rio na modalidade B-31, aux\u00edlio doen\u00e7a, durante a proje\u00e7\u00e3o do aviso pr\u00e9vio, caracterizando que estava inapta, quando houve a demiss\u00e3o.<\/p>\n<p>IMPORTANTE<\/p>\n<p>T\u00e1bata \u00e9 sindicalizada e, logo ap\u00f3s seu desligamento, procurou atendimento no Sindicato dos Banc\u00e1rios da Baixada Fluminense, onde foi prontamente atendida pelos Departamentos Jur\u00eddico e de Sa\u00fade.<\/p>\n<p>\u00c9 fundamental que banc\u00e1rias e banc\u00e1rios, logo que sejam informados de suas demiss\u00f5es, procurem imediatamente atendimento no Sindicato.<\/p>\n<p>SINDICALIZE-SE<\/p>\n","protected":false},"excerpt":{"rendered":"<p>As reintegra\u00e7\u00f5es n\u00e3o param nem neste final de ano. Nesta segunda-feira, 20 de dezembro, o Sindicato dos Banc\u00e1rios da Baixada Fluminense reintegrou mais uma trabalhadora banc\u00e1ria. A reintegra\u00e7\u00e3o ocorreu na ag\u00eancia do Banco Ita\u00fa, localizada no munic\u00edpio de Santa Cruz da Serra e foi acompanhada pelos diretores do Sindicato: Dialas Coelho, Newton Fran\u00e7a, Claudio Leite, [&hellip;]<\/p>\n","protected":false},"author":2,"featured_media":11912,"comment_status":"","ping_status":"","sticky":false,"template":"","format":"standard","meta":{"footnotes":""},"categories":[3],"tags":[],"class_list":["post-11913","post","type-post","status-publish","format-standard","has-post-thumbnail","hentry","category-noticias"],"_links":{"self":[{"href":"https:\/\/hostnetart.com.br\/baixada\/wp-json\/wp\/v2\/posts\/11913","targetHints":{"allow":["GET"]}}],"collection":[{"href":"https:\/\/hostnetart.com.br\/baixada\/wp-json\/wp\/v2\/posts"}],"about":[{"href":"https:\/\/hostnetart.com.br\/baixada\/wp-json\/wp\/v2\/types\/post"}],"author":[{"embeddable":true,"href":"https:\/\/hostnetart.com.br\/baixada\/wp-json\/wp\/v2\/users\/2"}],"replies":[{"embeddable":true,"href":"https:\/\/hostnetart.com.br\/baixada\/wp-json\/wp\/v2\/comments?post=11913"}],"version-history":[{"count":0,"href":"https:\/\/hostnetart.com.br\/baixada\/wp-json\/wp\/v2\/posts\/11913\/revisions"}],"wp:featuredmedia":[{"embeddable":true,"href":"https:\/\/hostnetart.com.br\/baixada\/wp-json\/wp\/v2\/media\/11912"}],"wp:attachment":[{"href":"https:\/\/hostnetart.com.br\/baixada\/wp-json\/wp\/v2\/media?parent=11913"}],"wp:term":[{"taxonomy":"category","embeddable":true,"href":"https:\/\/hostnetart.com.br\/baixada\/wp-json\/wp\/v2\/categories?post=11913"},{"taxonomy":"post_tag","embeddable":true,"href":"https:\/\/hostnetart.com.br\/baixada\/wp-json\/wp\/v2\/tags?post=11913"}],"curies":[{"name":"wp","href":"https:\/\/api.w.org\/{rel}","templated":true}]}}