{"id":11911,"date":"2021-12-17T18:03:12","date_gmt":"2021-12-17T21:03:12","guid":{"rendered":"https:\/\/hostnetart.com.br\/baixada\/movimento-sindical-notifica-caixa-e-mpt-sobre-assedio-no-banco\/"},"modified":"2021-12-17T18:03:12","modified_gmt":"2021-12-17T21:03:12","slug":"movimento-sindical-notifica-caixa-e-mpt-sobre-assedio-no-banco","status":"publish","type":"post","link":"https:\/\/hostnetart.com.br\/baixada\/movimento-sindical-notifica-caixa-e-mpt-sobre-assedio-no-banco\/","title":{"rendered":"Movimento Sindical notifica Caixa e MPT sobre ass\u00e9dio no banco"},"content":{"rendered":"<p>A Confedera\u00e7\u00e3o Nacional dos Trabalhadores do Ramo Financeiro (Contraf-CUT), da qual o Sindicato dos Banc\u00e1rios da Baixada Fluminense faz parte, encaminhou nesta quinta-feira (16) um of\u00edcio \u00e0 Caixa Econ\u00f4mica Federal notificando-a do descumprimento da cl\u00e1usula que impede o ranking de empregados e do ass\u00e9dio moral praticado contra os presentes, que foram obrigados a fazerem flex\u00f5es de bra\u00e7o durante um evento nacional do banco, realizado de 14 a 15 de dezembro, em Atibaia, S\u00e3o Paulo.<\/p>\n<p>\u201cVimos, atrav\u00e9s deste, apresentar nossos protestos e denunciar a pr\u00e1tica de ass\u00e9dio moral coletivo no evento \u2018Na\u00e7\u00e3o Caixa 2021\u2019, em Atibaia \u2013 SP, em que reuniu empregados, empres\u00e1rios lot\u00e9ricos e correspondentes Caixa\u201d.<\/p>\n<p>O of\u00edcio observa que a sele\u00e7\u00e3o dos empregados participantes levou em conta crit\u00e9rios proibidos pela Conven\u00e7\u00e3o Coletiva de Trabalho (CCT) da categoria banc\u00e1ria. \u201cDe acordo com a pr\u00f3pria Caixa, a escolha dos(as) empregados(as) para participa\u00e7\u00e3o no evento considerou \u2018crit\u00e9rio meritocr\u00e1ticos\u2019, supostamente reconhecendo trabalhadores que se destacaram em 2021. Tal pr\u00e1tica \u00e9 uma forma de\u00a0<em>ranking<\/em>, que \u00e9 proibida na Conven\u00e7\u00e3o Coletiva do Trabalho\u201d, diz o of\u00edcio.<\/p>\n<p>\u201cDurante o \u2018Na\u00e7\u00e3o Caixa\u2019 foram realizadas pr\u00e1ticas que expuseram os empregados a situa\u00e7\u00f5es constrangedoras, que se transformaram em vexame nacional e at\u00e9 internacional quando v\u00eddeos que comprovam a pr\u00e1tica \u2018viralizaram\u2019 pelas redes sociais e foram noticiados por diversos ve\u00edculos de imprensa escrita e televisiva\u201d, observou a coordenadora da Comiss\u00e3o Executiva dos Empregados (CEE) da Caixa, Fabiana Uehara Proscholdt. \u201cE pior \u00e9 que parte deste constrangimento se deve \u00e0 pr\u00e1tica do presidente do banco (Pedro Guimar\u00e3es), configurando tamb\u00e9m o ass\u00e9dio moral\u201d, explicou Fabiana, que tamb\u00e9m \u00e9 secret\u00e1ria de Cultura da Contraf-CUT.<\/p>\n<h3><strong>Al\u00e9m da CCT<\/strong><\/h3>\n<p>No of\u00edcio, a Contraf-CUT informa ainda que a sele\u00e7\u00e3o para participa\u00e7\u00e3o e as pr\u00e1ticas efetuadas no \u201cNa\u00e7\u00e3o Caixa\u201d descumprem n\u00e3o apenas o que est\u00e1 acordado na CCT da categoria, mas tamb\u00e9m a Conven\u00e7\u00e3o n\u00ba 190 da OIT e princ\u00edpios da Constitui\u00e7\u00e3o Federal do Brasil.<\/p>\n<p>Al\u00e9m do of\u00edcio enviado ao banco, a Contraf-CUT e a Federa\u00e7\u00e3o Nacional das Associa\u00e7\u00f5es do Pessoal da Caixa (Fenae) tamb\u00e9m notificaram o Minist\u00e9rio P\u00fablico do Trabalho (MPT), que\u00a0<a href=\"https:\/\/www1.folha.uol.com.br\/mercado\/2021\/12\/procuradoria-notifica-presidente-da-caixa-para-que-deixe-de-constranger-funcionarios.shtml?utm_source=whatsapp&amp;utm_medium=social&amp;utm_campaign=compwa\" target=\"_blank\" rel=\"noopener noreferrer\">j\u00e1 notificou o banco<\/a>\u00a0e recomendou que tal pr\u00e1tica n\u00e3o seja mais realizada.<\/p>\n<p>\u201cO pedido para que a pr\u00e1tica n\u00e3o seja mais realizada \u00e9 o come\u00e7o, mas essas irregularidades devem ser punidas, para que os erros n\u00e3o fiquem impunes\u201d, observou a coordenadora da CEE. \u201cEssa gest\u00e3o do Pedro Guimar\u00e3es \u00e9 vergonhosa e mancha a hist\u00f3ria da Caixa\u201d, completou, ao observar que o pedido para que a pr\u00e1tica n\u00e3o seja mais cometida j\u00e1 \u00e9 um ind\u00edcio de que existem irregularidades.<\/p>\n<h3><strong>Viralizou<\/strong><\/h3>\n<p>Al\u00e9m de ter ganhado vulto ao se espalhar pelas redes sociais, o constrangimento, pelo qual passaram empregados e empres\u00e1rios, foi amplamente divulgado pelos ve\u00edculos de comunica\u00e7\u00e3o da imprensa escrita e de TV.<\/p>\n","protected":false},"excerpt":{"rendered":"<p>A Confedera\u00e7\u00e3o Nacional dos Trabalhadores do Ramo Financeiro (Contraf-CUT), da qual o Sindicato dos Banc\u00e1rios da Baixada Fluminense faz parte, encaminhou nesta quinta-feira (16) um of\u00edcio \u00e0 Caixa Econ\u00f4mica Federal notificando-a do descumprimento da cl\u00e1usula que impede o ranking de empregados e do ass\u00e9dio moral praticado contra os presentes, que foram obrigados a fazerem flex\u00f5es [&hellip;]<\/p>\n","protected":false},"author":2,"featured_media":11910,"comment_status":"","ping_status":"","sticky":false,"template":"","format":"standard","meta":{"footnotes":""},"categories":[3],"tags":[],"class_list":["post-11911","post","type-post","status-publish","format-standard","has-post-thumbnail","hentry","category-noticias"],"_links":{"self":[{"href":"https:\/\/hostnetart.com.br\/baixada\/wp-json\/wp\/v2\/posts\/11911","targetHints":{"allow":["GET"]}}],"collection":[{"href":"https:\/\/hostnetart.com.br\/baixada\/wp-json\/wp\/v2\/posts"}],"about":[{"href":"https:\/\/hostnetart.com.br\/baixada\/wp-json\/wp\/v2\/types\/post"}],"author":[{"embeddable":true,"href":"https:\/\/hostnetart.com.br\/baixada\/wp-json\/wp\/v2\/users\/2"}],"replies":[{"embeddable":true,"href":"https:\/\/hostnetart.com.br\/baixada\/wp-json\/wp\/v2\/comments?post=11911"}],"version-history":[{"count":0,"href":"https:\/\/hostnetart.com.br\/baixada\/wp-json\/wp\/v2\/posts\/11911\/revisions"}],"wp:featuredmedia":[{"embeddable":true,"href":"https:\/\/hostnetart.com.br\/baixada\/wp-json\/wp\/v2\/media\/11910"}],"wp:attachment":[{"href":"https:\/\/hostnetart.com.br\/baixada\/wp-json\/wp\/v2\/media?parent=11911"}],"wp:term":[{"taxonomy":"category","embeddable":true,"href":"https:\/\/hostnetart.com.br\/baixada\/wp-json\/wp\/v2\/categories?post=11911"},{"taxonomy":"post_tag","embeddable":true,"href":"https:\/\/hostnetart.com.br\/baixada\/wp-json\/wp\/v2\/tags?post=11911"}],"curies":[{"name":"wp","href":"https:\/\/api.w.org\/{rel}","templated":true}]}}