{"id":11909,"date":"2021-12-17T18:01:54","date_gmt":"2021-12-17T21:01:54","guid":{"rendered":"https:\/\/hostnetart.com.br\/baixada\/trabalhadores-querem-mais-seguranca-nos-bancos\/"},"modified":"2021-12-17T18:01:54","modified_gmt":"2021-12-17T21:01:54","slug":"trabalhadores-querem-mais-seguranca-nos-bancos","status":"publish","type":"post","link":"https:\/\/hostnetart.com.br\/baixada\/trabalhadores-querem-mais-seguranca-nos-bancos\/","title":{"rendered":"Trabalhadores querem mais seguran\u00e7a nos bancos"},"content":{"rendered":"<p>O Coletivo Nacional de Seguran\u00e7a Banc\u00e1ria da Confedera\u00e7\u00e3o Nacional dos Trabalhadores do Ramo Financeiro (Contraf-CUT) se re\u00fane com a Federa\u00e7\u00e3o Nacional dos Bancos (Fenaban) na pr\u00f3xima segunda-feira (20) para negociar a seguran\u00e7a nas chamadas \u201cunidades de neg\u00f3cios\u201d, que s\u00e3o ag\u00eancias banc\u00e1rias sem atendimento de caixa.<\/p>\n<p>\u201cPrecisamos debater com os bancos sobre a transforma\u00e7\u00e3o de ag\u00eancias banc\u00e1rias em \u2018unidades de neg\u00f3cio\u2019, sem portas para detec\u00e7\u00e3o de metais e nem vigilantes, em contrariedade ao que determina os normativos de seguran\u00e7a banc\u00e1ria\u201d, explicou o coordenador do coletivo, Elias Jord\u00e3o.<\/p>\n<p>Segundo Elias, os bancos alegam n\u00e3o haver riscos para seus funcion\u00e1rios e clientes por n\u00e3o haver circula\u00e7\u00e3o de numer\u00e1rios nas \u201cunidades de neg\u00f3cios\u201d. \u201cSabemos que isso n\u00e3o \u00e9 verdade. Muitas unidades de neg\u00f3cios possuem caixas eletr\u00f4nicos e, consequentemente, h\u00e1 circula\u00e7\u00e3o de dinheiro. E, apesar de os bancos negarem, existem den\u00fancias de que os valores s\u00e3o manipulados pelos banc\u00e1rios e levantamos dados que apontam, inclusive, o aumento de mortes nos ataques a bancos\u201d, ressaltou.<\/p>\n<p>Elias disse ainda haver relatos de agress\u00f5es contra funcion\u00e1rios cometidas por clientes que n\u00e3o entendem se tratar de um novo modelo unidade banc\u00e1ria e queriam ser atendidos como se ali fosse uma ag\u00eancia normal. \u201cCasos como o deste relato tamb\u00e9m colocam em risco funcion\u00e1rios e clientes\u201d, observou.<\/p>\n<h3><strong>Pr\u00e9via da negocia\u00e7\u00e3o<\/strong><\/h3>\n<p>Antes da negocia\u00e7\u00e3o com a Federa\u00e7\u00e3o Nacional dos Bancos (Fenaban), o Coletivo Nacional de Seguran\u00e7a Banc\u00e1ria se re\u00fane para que sejam compartilhadas as informa\u00e7\u00f5es e o tema seja debatido previamente antes da negocia\u00e7\u00e3o.<\/p>\n<p><strong>Fonte: Contraf-CUT<\/strong><\/p>\n","protected":false},"excerpt":{"rendered":"<p>O Coletivo Nacional de Seguran\u00e7a Banc\u00e1ria da Confedera\u00e7\u00e3o Nacional dos Trabalhadores do Ramo Financeiro (Contraf-CUT) se re\u00fane com a Federa\u00e7\u00e3o Nacional dos Bancos (Fenaban) na pr\u00f3xima segunda-feira (20) para negociar a seguran\u00e7a nas chamadas \u201cunidades de neg\u00f3cios\u201d, que s\u00e3o ag\u00eancias banc\u00e1rias sem atendimento de caixa. \u201cPrecisamos debater com os bancos sobre a transforma\u00e7\u00e3o de ag\u00eancias [&hellip;]<\/p>\n","protected":false},"author":2,"featured_media":11908,"comment_status":"","ping_status":"","sticky":false,"template":"","format":"standard","meta":{"footnotes":""},"categories":[3],"tags":[],"class_list":["post-11909","post","type-post","status-publish","format-standard","has-post-thumbnail","hentry","category-noticias"],"_links":{"self":[{"href":"https:\/\/hostnetart.com.br\/baixada\/wp-json\/wp\/v2\/posts\/11909","targetHints":{"allow":["GET"]}}],"collection":[{"href":"https:\/\/hostnetart.com.br\/baixada\/wp-json\/wp\/v2\/posts"}],"about":[{"href":"https:\/\/hostnetart.com.br\/baixada\/wp-json\/wp\/v2\/types\/post"}],"author":[{"embeddable":true,"href":"https:\/\/hostnetart.com.br\/baixada\/wp-json\/wp\/v2\/users\/2"}],"replies":[{"embeddable":true,"href":"https:\/\/hostnetart.com.br\/baixada\/wp-json\/wp\/v2\/comments?post=11909"}],"version-history":[{"count":0,"href":"https:\/\/hostnetart.com.br\/baixada\/wp-json\/wp\/v2\/posts\/11909\/revisions"}],"wp:featuredmedia":[{"embeddable":true,"href":"https:\/\/hostnetart.com.br\/baixada\/wp-json\/wp\/v2\/media\/11908"}],"wp:attachment":[{"href":"https:\/\/hostnetart.com.br\/baixada\/wp-json\/wp\/v2\/media?parent=11909"}],"wp:term":[{"taxonomy":"category","embeddable":true,"href":"https:\/\/hostnetart.com.br\/baixada\/wp-json\/wp\/v2\/categories?post=11909"},{"taxonomy":"post_tag","embeddable":true,"href":"https:\/\/hostnetart.com.br\/baixada\/wp-json\/wp\/v2\/tags?post=11909"}],"curies":[{"name":"wp","href":"https:\/\/api.w.org\/{rel}","templated":true}]}}