{"id":1190,"date":"2014-05-09T00:00:00","date_gmt":"2014-05-09T03:00:00","guid":{"rendered":"https:\/\/hostnetart.com.br\/baixada\/eleicoes-da-funcef-terminam-nesta-sexta-contraf-cut-apoia-a-chapa-1\/"},"modified":"2014-05-09T00:00:00","modified_gmt":"2014-05-09T03:00:00","slug":"eleicoes-da-funcef-terminam-nesta-sexta-contraf-cut-apoia-a-chapa-1","status":"publish","type":"post","link":"https:\/\/hostnetart.com.br\/baixada\/eleicoes-da-funcef-terminam-nesta-sexta-contraf-cut-apoia-a-chapa-1\/","title":{"rendered":"Elei\u00e7\u00f5es da Funcef terminam nesta sexta. Contraf-CUT apoia a Chapa 1"},"content":{"rendered":"<p>As elei\u00e7\u00f5es para os membros da Diretoria Executiva, Conselho Deliberativo e Conselho Fiscal da Funcef est\u00e3o em seus momentos finais. A vota\u00e7\u00e3o teve in\u00edcio na \u00faltima segunda-feira (5) e termina nesta sexta-feira (9). Ou seja, o tempo destinado \u00e0 participa\u00e7\u00e3o dos associados da Funda\u00e7\u00e3o \u2013 empregados da ativa, aposentados e pensionistas da Caixa de todo o pa\u00eds \u2013 est\u00e1 acabando.<\/p>\n<p>Est\u00e3o em disputa tr\u00eas vagas de diretores eleitos, duas das tr\u00eas vagas de conselheiro deliberativo e uma de conselheiro fiscal. S\u00e3o eleitos titulares e respectivos suplentes de cada vaga nos conselhos.<\/p>\n<p>A Contraf-CUT, a esmagadora maioria das federa\u00e7\u00f5es e sindicatos e Conselho Deliberativo Nacional (CDN) e a Diretoria Executiva da Fenae manifestam apoio \u00e0 Chapa 1 \u2013 \u201cMovimento pela Funcef\u201d.<\/p>\n<p>S\u00e3o 132.070 associados com direito a voto, sendo 94.117 empregados em atividade na Caixa e 34.925 aposentados e pensionistas, al\u00e9m de 610 empregados da Funcef, 1.945 autopatrocinados e 473 afastados.<\/p>\n<p>Para Carlos Cordeiro, presidente da Contraf-CUT, n\u00e3o h\u00e1 d\u00favida de que a Chapa 1 \u00e9 a mais comprometida e preparada para representar os associados da ativa, aposentados e pensionistas na gest\u00e3o da Funcef. \u201cOs integrantes dessa chapa s\u00e3o pessoas capacitadas e experientes. Estou seguro de que, eleitos, eles far\u00e3o um trabalho s\u00e9rio e digno na gest\u00e3o do fundo de pens\u00e3o dos empregados da Caixa\u201d, afirma.<\/p>\n<p>\u201c\u00c9 muito importante que todos participem, pois \u00e9 com o voto de cada um que vamos fazer da Funcef a express\u00e3o daquilo que buscamos construir coletivamente, que \u00e9 uma Funda\u00e7\u00e3o cada vez mais transparente e democr\u00e1tica, com gest\u00e3o segura e eficiente, que propicie sempre melhorias nos benef\u00edcios\u201d, frisa o presidente da Fenae, Jair Pedro Ferreira.<\/p>\n<p><strong>Como votar\u00a0<\/strong><\/p>\n<p>Os empregados em atividade na Caixa, incluindo os que estiverem em gozo de f\u00e9rias ou cedidos para entidades sindicais e associativas, votam pelo autoatendimento, op\u00e7\u00e3o 4.1 do SISRH. O sistema pode ser acessado em qualquer unidade da Caixa. Para votar, basta selecionar a op\u00e7\u00e3o \u201cElei\u00e7\u00f5es Funcef 2014\u2033 e seguir as instru\u00e7\u00f5es.<\/p>\n<p>Aposentados, pensionistas, autopatrocinados, empregados da Caixa afastados e cedidos e empregados da Funda\u00e7\u00e3o votam pela p\u00e1gina das Elei\u00e7\u00f5es 2014 na internet ou pelo telefone.<\/p>\n<p>Com a senha em m\u00e3os, o eleitor deve ligar 0800 722 0158 e seguir as instru\u00e7\u00f5es da grava\u00e7\u00e3o. Ser\u00e3o aceitas liga\u00e7\u00f5es feitas de telefone fixo e m\u00f3vel identific\u00e1vel.<\/p>\n<p>O participante deve acessar a p\u00e1gina www.funcef.com.br\/eleicoes2014, clicar no bot\u00e3o \u201cvotar\u201d e preencher os dados solicitados (patrocinadora, matr\u00edcula e senha de vota\u00e7\u00e3o). Depois, deve seguir as instru\u00e7\u00f5es para fazer sua escolha. O voto pode ser em uma das chapas, em branco (clicando em \u201cVotar\u201d sem escolher nenhuma chapa) ou nulo (escolhendo mais de uma chapa e clicando em \u201cVotar\u201d).<\/p>\n<p><strong>Reflex\u00f5es necess\u00e1rias<\/strong><\/p>\n<p>A Fenae lembra que os debates do processo eleitoral devem ser guiados pela hist\u00f3ria dos \u00faltimos 10 anos de muitas lutas, vit\u00f3rias e desafios ainda por conquistar. A gest\u00e3o compartilhada \u00e9 uma dessas importantes conquistas.<\/p>\n<p>H\u00e1 os que criticam o trabalho realizado pelos representantes eleitos, em parceria com as entidades associativas e sindicais. Uns tentam desqualificar, outros diminuir. H\u00e1 ainda os que simplesmente ignoram todo o esfor\u00e7o feito e o que dele resultou. O comum, entre todos eles, \u00e9 difundir a ideia de que fariam melhor, por entenderem mais os anseios dos associados e por serem mais comprometidos em alcan\u00e7\u00e1-los.<\/p>\n<p>Ocorre que faltam aos eventuais descontentes combinar discurso com a pr\u00e1tica. \u00c9 preciso ainda identificar quem de fato tem comprometimento com a luta coletiva, em busca de novos avan\u00e7os. Por outro lado, tamb\u00e9m, quem se referencia nessa d\u00e9cada de realiza\u00e7\u00f5es certamente conta com respaldo no movimento associativo e sindical, dado que j\u00e1 tem lado e prop\u00f3sitos definidos.<\/p>\n<p>\u00c9 importante ainda que cada associado se pronuncie neste processo eleitoral, para que a luta no \u00e2mbito da Funcef se fortale\u00e7a cada vez mais, sem risco de seguir direcionamento alheio \u00e0s delibera\u00e7\u00f5es dos f\u00f3runs do movimento dos empregados e aposentados da Caixa.<\/p>\n<p>Afinal, n\u00e3o d\u00e1 mais para correr o risco de retrocesso pela elei\u00e7\u00e3o de pessoas que venham a comprometer a unidade e o esfor\u00e7o coletivo nos enfrentamentos com a patrocinadora. Todos, portanto, est\u00e3o convocados a votar, pois a participa\u00e7\u00e3o fortalece a Funcef e a defesa dos interesses comuns aos associados.<\/p>\n<p><strong>Confira os candidatos da Chapa 1 \u2013 \u201cMovimento pela Funcef\u201d<\/strong><\/p>\n<p><strong>DIRETORIA EXECUTIVA:<\/strong>\u00a0Jos\u00e9 Carlos Alonso, Pedro Eugenio Beneduzzi Leite e Renata Marotta.<\/p>\n<p><strong>CONSELHO DELIBERATIVO:<\/strong>\u00a0<strong>Titulares<\/strong>\u00a0(Jaqueline Maria Fonseca Mello e Ol\u00edvio Gomes Vieira) e\u00a0<strong>Suplentes\u00a0<\/strong>(Emanoel Souza de Jesus e Celso Matos).<\/p>\n<p><strong>CONSELHO FISCAL:<\/strong>\u00a0<strong>Titular<\/strong>\u00a0(Marilde Perin Zarpellon) e\u00a0<strong>Suplente<\/strong>\u00a0(Gilmar Cabral Aguirre).<\/p>\n<p>Fonte: Contraf-CUT com Fenae<\/p>\n","protected":false},"excerpt":{"rendered":"<p>As elei\u00e7\u00f5es para os membros da Diretoria Executiva, Conselho Deliberativo e Conselho Fiscal da Funcef est\u00e3o em seus momentos finais. A vota\u00e7\u00e3o teve in\u00edcio na \u00faltima segunda-feira (5) e termina nesta sexta-feira (9). Ou seja, o tempo destinado \u00e0 participa\u00e7\u00e3o dos associados da Funda\u00e7\u00e3o \u2013 empregados da ativa, aposentados e pensionistas da Caixa de todo [&hellip;]<\/p>\n","protected":false},"author":1,"featured_media":0,"comment_status":"","ping_status":"","sticky":false,"template":"","format":"standard","meta":{"footnotes":""},"categories":[3],"tags":[],"class_list":["post-1190","post","type-post","status-publish","format-standard","hentry","category-noticias"],"_links":{"self":[{"href":"https:\/\/hostnetart.com.br\/baixada\/wp-json\/wp\/v2\/posts\/1190","targetHints":{"allow":["GET"]}}],"collection":[{"href":"https:\/\/hostnetart.com.br\/baixada\/wp-json\/wp\/v2\/posts"}],"about":[{"href":"https:\/\/hostnetart.com.br\/baixada\/wp-json\/wp\/v2\/types\/post"}],"author":[{"embeddable":true,"href":"https:\/\/hostnetart.com.br\/baixada\/wp-json\/wp\/v2\/users\/1"}],"replies":[{"embeddable":true,"href":"https:\/\/hostnetart.com.br\/baixada\/wp-json\/wp\/v2\/comments?post=1190"}],"version-history":[{"count":0,"href":"https:\/\/hostnetart.com.br\/baixada\/wp-json\/wp\/v2\/posts\/1190\/revisions"}],"wp:attachment":[{"href":"https:\/\/hostnetart.com.br\/baixada\/wp-json\/wp\/v2\/media?parent=1190"}],"wp:term":[{"taxonomy":"category","embeddable":true,"href":"https:\/\/hostnetart.com.br\/baixada\/wp-json\/wp\/v2\/categories?post=1190"},{"taxonomy":"post_tag","embeddable":true,"href":"https:\/\/hostnetart.com.br\/baixada\/wp-json\/wp\/v2\/tags?post=1190"}],"curies":[{"name":"wp","href":"https:\/\/api.w.org\/{rel}","templated":true}]}}