{"id":11899,"date":"2021-12-16T14:49:21","date_gmt":"2021-12-16T17:49:21","guid":{"rendered":"https:\/\/hostnetart.com.br\/baixada\/sindicato-dos-bancarios-da-baixada-fluminense-faz-ato-no-bradesco\/"},"modified":"2021-12-16T14:49:21","modified_gmt":"2021-12-16T17:49:21","slug":"sindicato-dos-bancarios-da-baixada-fluminense-faz-ato-no-bradesco","status":"publish","type":"post","link":"https:\/\/hostnetart.com.br\/baixada\/sindicato-dos-bancarios-da-baixada-fluminense-faz-ato-no-bradesco\/","title":{"rendered":"Sindicato dos Banc\u00e1rios da Baixada Fluminense faz ato no Bradesco"},"content":{"rendered":"<div>\n<div dir=\"auto\">Nesta quinta-feira, dia 16 de dezembro, o\u00a0<a href=\"https:\/\/www.facebook.com\/sindbaixada?__cft__[0]=AZU8oWvhKVO616sZ3-_4vOHut8Fyjw-B9sgQnvzdXIwwaWs6kx8Y28W5ejVl59wag7o6ahKKVDbiz59hN2ffkxcsCvRFET4WuidbTgR9YiflbVds-ivMxv2hN7QDX47suZAw7weWyswPZwvSxTASg-b-&amp;__tn__=-]K-R\" target=\"_blank\" rel=\"noopener noreferrer\" data-saferedirecturl=\"https:\/\/www.google.com\/url?q=https:\/\/www.facebook.com\/sindbaixada?__cft__%5B0%5D%3DAZU8oWvhKVO616sZ3-_4vOHut8Fyjw-B9sgQnvzdXIwwaWs6kx8Y28W5ejVl59wag7o6ahKKVDbiz59hN2ffkxcsCvRFET4WuidbTgR9YiflbVds-ivMxv2hN7QDX47suZAw7weWyswPZwvSxTASg-b-%26__tn__%3D-%5DK-R&amp;source=gmail&amp;ust=1639752586757000&amp;usg=AOvVaw3uzatZrK2HQSXprAL9vPsd\">Sindicato dos Banc\u00e1rios da Baixada Fluminense<\/a>\u00a0fez atos em ag\u00eancias do Banco Bradesco, no munic\u00edpio de Duque de Caxias.<\/div>\n<div dir=\"auto\">\u00a0<\/div>\n<\/div>\n<div>\n<div dir=\"auto\">As a\u00e7\u00f5es foram em protesto\u00a0contra a cobran\u00e7a de metas abusivas, por mais seguran\u00e7a nas ag\u00eancias e contra as demiss\u00f5es.<\/div>\n<div dir=\"auto\">\u00a0<\/div>\n<div dir=\"auto\">Ocorreram manifesta\u00e7\u00f5es por todo o pa\u00eds, e nas redes sociais, pelo\u00a0Dia Nacional de Mobiliza\u00e7\u00f5es dos Funcion\u00e1rios do Banco Bradesco.<\/div>\n<\/div>\n<div>\u00a0<\/div>\n<div>\n<div dir=\"auto\">As diretoras e diretores do Sindicato levaram uma faixa e falaram para clientes, funcion\u00e1rias, funcion\u00e1rios e para o p\u00fablico em geral, onde denunciaram a postura que o banco vem adotando.<\/div>\n<div dir=\"auto\">\u00a0<\/div>\n<div dir=\"auto\"><strong>Confira as fotos da manifesta\u00e7\u00e3o em nossas redes sociais.<\/strong><\/div>\n<\/div>\n","protected":false},"excerpt":{"rendered":"<p>Nesta quinta-feira, dia 16 de dezembro, o\u00a0Sindicato dos Banc\u00e1rios da Baixada Fluminense\u00a0fez atos em ag\u00eancias do Banco Bradesco, no munic\u00edpio de Duque de Caxias. \u00a0 As a\u00e7\u00f5es foram em protesto\u00a0contra a cobran\u00e7a de metas abusivas, por mais seguran\u00e7a nas ag\u00eancias e contra as demiss\u00f5es. \u00a0 Ocorreram manifesta\u00e7\u00f5es por todo o pa\u00eds, e nas redes sociais, [&hellip;]<\/p>\n","protected":false},"author":2,"featured_media":11898,"comment_status":"","ping_status":"","sticky":false,"template":"","format":"standard","meta":{"footnotes":""},"categories":[3],"tags":[],"class_list":["post-11899","post","type-post","status-publish","format-standard","has-post-thumbnail","hentry","category-noticias"],"_links":{"self":[{"href":"https:\/\/hostnetart.com.br\/baixada\/wp-json\/wp\/v2\/posts\/11899","targetHints":{"allow":["GET"]}}],"collection":[{"href":"https:\/\/hostnetart.com.br\/baixada\/wp-json\/wp\/v2\/posts"}],"about":[{"href":"https:\/\/hostnetart.com.br\/baixada\/wp-json\/wp\/v2\/types\/post"}],"author":[{"embeddable":true,"href":"https:\/\/hostnetart.com.br\/baixada\/wp-json\/wp\/v2\/users\/2"}],"replies":[{"embeddable":true,"href":"https:\/\/hostnetart.com.br\/baixada\/wp-json\/wp\/v2\/comments?post=11899"}],"version-history":[{"count":0,"href":"https:\/\/hostnetart.com.br\/baixada\/wp-json\/wp\/v2\/posts\/11899\/revisions"}],"wp:featuredmedia":[{"embeddable":true,"href":"https:\/\/hostnetart.com.br\/baixada\/wp-json\/wp\/v2\/media\/11898"}],"wp:attachment":[{"href":"https:\/\/hostnetart.com.br\/baixada\/wp-json\/wp\/v2\/media?parent=11899"}],"wp:term":[{"taxonomy":"category","embeddable":true,"href":"https:\/\/hostnetart.com.br\/baixada\/wp-json\/wp\/v2\/categories?post=11899"},{"taxonomy":"post_tag","embeddable":true,"href":"https:\/\/hostnetart.com.br\/baixada\/wp-json\/wp\/v2\/tags?post=11899"}],"curies":[{"name":"wp","href":"https:\/\/api.w.org\/{rel}","templated":true}]}}