{"id":11897,"date":"2021-12-15T20:01:21","date_gmt":"2021-12-15T23:01:21","guid":{"rendered":"https:\/\/hostnetart.com.br\/baixada\/bancarios-protestam-contra-demissoes-no-itau\/"},"modified":"2021-12-15T20:01:21","modified_gmt":"2021-12-15T23:01:21","slug":"bancarios-protestam-contra-demissoes-no-itau","status":"publish","type":"post","link":"https:\/\/hostnetart.com.br\/baixada\/bancarios-protestam-contra-demissoes-no-itau\/","title":{"rendered":"Banc\u00e1rios protestam contra demiss\u00f5es no Ita\u00fa"},"content":{"rendered":"<p>Banc\u00e1rios e suas entidades de representa\u00e7\u00e3o sindical de\u00a0<a href=\"https:\/\/web.facebook.com\/media\/set?set=a.5248739845139008&amp;type=3\" target=\"_blank\" rel=\"noopener noreferrer\">todo o Brasil e da Col\u00f4mbia<\/a>\u00a0realizaram nesta quarta-feira (15) um Dia de Luta para protestar contra\u00a0<a href=\"https:\/\/contrafcut.com.br\/noticias\/bancarios-revertem-decisao-do-itau-sobre-retorno-ao-trabalho-presencial\" target=\"_blank\" rel=\"noopener noreferrer\">processo de reestrutura\u00e7\u00e3o no banco Ita\u00fa<\/a>, que gera demiss\u00f5es e terceiriza\u00e7\u00f5es de trabalhadores. O fechamento de ag\u00eancias e o ass\u00e9dio moral tamb\u00e9m motivaram as manifesta\u00e7\u00f5es realizadas nas ag\u00eancias e unidades administrativas do banco.<\/p>\n<p>O Sindicato dos Banc\u00e1rios da Baixada Fluminense participou, nas redes sociais, do\u00a0tuita\u00e7o que foi utilizado para ampliar a audi\u00eancia das den\u00fancias contra o banco.<\/p>\n<p>\u201cN\u00e3o h\u00e1 justificativa para que um banco que\u00a0<a href=\"https:\/\/contrafcut.com.br\/noticias\/lucro-do-itau-cresce-nos-primeiros-nove-meses-de-2021\" target=\"_blank\" rel=\"noopener noreferrer\">lucrou quase R$ 20 bilh\u00f5es<\/a>\u00a0nos nove primeiros meses de 2021, com crescimento de 50% em rela\u00e7\u00e3o ao ano anterior, fechar ag\u00eancias e demitir funcion\u00e1rios. Ainda mais neste momento de crise sanit\u00e1ria e econ\u00f4mica que o pa\u00eds atravessa\u201d, criticou o coordenador da Comiss\u00e3o de Organiza\u00e7\u00e3o dos Empregados (COE) do Ita\u00fa, Jair Alves. \u201cE este lucro astron\u00f4mico \u00e9 resultado tamb\u00e9m da press\u00e3o pelo cumprimento de metas inating\u00edveis pelos funcion\u00e1rios, o que acaba levando-os ao adoecimento f\u00edsico e mental\u201d, completou Jair ao lembrar que a categoria banc\u00e1ria est\u00e1 entre as que mais sofrem com as les\u00f5es por esfor\u00e7os repetitivos, Dist\u00farbios Osteomusculares Relacionados ao Trabalho (LER\/Dort) e transtornos mentais.<\/p>\n<h3>Terceiriza\u00e7\u00e3o<\/h3>\n<p>O banco tamb\u00e9m iniciou um processo de terceiriza\u00e7\u00f5es de servi\u00e7os, que retira postos banc\u00e1rios e realoca os trabalhadores em outras categorias que t\u00eam menos direitos e pisos salariais menores do que os da categoria banc\u00e1ria. O mesmo processo vem ocorrendo no banco Santander, que tamb\u00e9m j\u00e1 foi alvo de protestos.<\/p>\n<p>\u201cCom isso, o banco, que j\u00e1 ganha muito, mostra toda sua gan\u00e2ncia e o total desprezo que tem pelos funcion\u00e1rios, que contribuem para seus lucros e o constante crescimento de sua rentabilidade\u201d, disse o coordenador da COE\/Ita\u00fa.<\/p>\n<p>As atividades ocorreram em todo o Brasil, como a realizada na Central de Atendimento do Ita\u00fa,\u00a0<a href=\"https:\/\/spbancarios.com.br\/12\/2021\/itau-sindicato-paralisa-cat-contra-demissoes-terceirizacao\" target=\"_blank\" rel=\"noopener noreferrer\">em S\u00e3o Paulo<\/a>, onde trabalham os cerca de 600 funcion\u00e1rios que ser\u00e3o atingidos pela\u00a0<a href=\"https:\/\/spbancarios.com.br\/12\/2021\/itau-anuncia-terceirizacao\" target=\"_blank\" rel=\"noopener noreferrer\">terceiriza\u00e7\u00e3o do \u201c30 horas\u201d<\/a>\u00a0anunciada pelo banco, e tamb\u00e9m na Col\u00f4mbia, onde os sindicatos ligados \u00e0 Uni\u00f3n Nacional de Empleados Bancarios (Uneb), \u00e0 Asociaci\u00f3n Colombiana de Empleados Bancarios (Aceb) e \u00e0 Asociaci\u00f3n Democr\u00e1tica de Empleados Del Sector Bancario (Adeban) realizaram um Dia Nacional de Protesto contra a demiss\u00e3o em massa de trabalhadores disfar\u00e7ada de \u201caposentadoria volunt\u00e1ria\u201d.<\/p>\n<h3><strong>Fonte: Contraf-CUT<\/strong><\/h3>\n","protected":false},"excerpt":{"rendered":"<p>Banc\u00e1rios e suas entidades de representa\u00e7\u00e3o sindical de\u00a0todo o Brasil e da Col\u00f4mbia\u00a0realizaram nesta quarta-feira (15) um Dia de Luta para protestar contra\u00a0processo de reestrutura\u00e7\u00e3o no banco Ita\u00fa, que gera demiss\u00f5es e terceiriza\u00e7\u00f5es de trabalhadores. O fechamento de ag\u00eancias e o ass\u00e9dio moral tamb\u00e9m motivaram as manifesta\u00e7\u00f5es realizadas nas ag\u00eancias e unidades administrativas do banco. [&hellip;]<\/p>\n","protected":false},"author":2,"featured_media":11896,"comment_status":"","ping_status":"","sticky":false,"template":"","format":"standard","meta":{"footnotes":""},"categories":[3],"tags":[],"class_list":["post-11897","post","type-post","status-publish","format-standard","has-post-thumbnail","hentry","category-noticias"],"_links":{"self":[{"href":"https:\/\/hostnetart.com.br\/baixada\/wp-json\/wp\/v2\/posts\/11897","targetHints":{"allow":["GET"]}}],"collection":[{"href":"https:\/\/hostnetart.com.br\/baixada\/wp-json\/wp\/v2\/posts"}],"about":[{"href":"https:\/\/hostnetart.com.br\/baixada\/wp-json\/wp\/v2\/types\/post"}],"author":[{"embeddable":true,"href":"https:\/\/hostnetart.com.br\/baixada\/wp-json\/wp\/v2\/users\/2"}],"replies":[{"embeddable":true,"href":"https:\/\/hostnetart.com.br\/baixada\/wp-json\/wp\/v2\/comments?post=11897"}],"version-history":[{"count":0,"href":"https:\/\/hostnetart.com.br\/baixada\/wp-json\/wp\/v2\/posts\/11897\/revisions"}],"wp:featuredmedia":[{"embeddable":true,"href":"https:\/\/hostnetart.com.br\/baixada\/wp-json\/wp\/v2\/media\/11896"}],"wp:attachment":[{"href":"https:\/\/hostnetart.com.br\/baixada\/wp-json\/wp\/v2\/media?parent=11897"}],"wp:term":[{"taxonomy":"category","embeddable":true,"href":"https:\/\/hostnetart.com.br\/baixada\/wp-json\/wp\/v2\/categories?post=11897"},{"taxonomy":"post_tag","embeddable":true,"href":"https:\/\/hostnetart.com.br\/baixada\/wp-json\/wp\/v2\/tags?post=11897"}],"curies":[{"name":"wp","href":"https:\/\/api.w.org\/{rel}","templated":true}]}}