{"id":1189,"date":"2013-07-10T00:00:00","date_gmt":"2013-07-10T03:00:00","guid":{"rendered":"https:\/\/hostnetart.com.br\/baixada\/contraf-cut-discute-seguranca-com-nova-coordenadora-da-ccasp-da-pf\/"},"modified":"2013-07-10T00:00:00","modified_gmt":"2013-07-10T03:00:00","slug":"contraf-cut-discute-seguranca-com-nova-coordenadora-da-ccasp-da-pf","status":"publish","type":"post","link":"https:\/\/hostnetart.com.br\/baixada\/contraf-cut-discute-seguranca-com-nova-coordenadora-da-ccasp-da-pf\/","title":{"rendered":"Contraf-CUT discute seguran\u00e7a com nova coordenadora da CCASP da PF"},"content":{"rendered":"<p>A Contraf-CUT se reuniu pela primeira vez na manh\u00e3 desta ter\u00e7a-feira (9) com a nova coordenadora da Comiss\u00e3o Consultiva para Assuntos de Seguran\u00e7a Privada (CCASP) da Pol\u00edcia Federal (PF), delegada Silvana Helena Vieira Borges, em Bras\u00edlia. Ela substitui o delegado Clyton Eust\u00e1quio Xavier, que tomou posse no dia 21 de maio como novo superintendente da PF em Santa Catarina.<\/p>\n<p>\u00a0<\/p>\n<p>\u201cFoi uma visita de cortesia que fizemos para dar as boas vindas, apresentar a Comiss\u00e3o Nacional de Seguran\u00e7a Banc\u00e1ria e apontar as principais preocupa\u00e7\u00f5es dos banc\u00e1rios diante da inseguran\u00e7a nos bancos\u201d, destacou o secret\u00e1rio de imprensa da Contraf-CUT e coordenador da Comiss\u00e3o Nacional de Seguran\u00e7a Banc\u00e1ria, Ademir Wiederkehr.<\/p>\n<p>\u00a0<\/p>\n<p>Estiveram presentes representantes da Fetec-SP, Fetraf-MG e Feeb BA-SE, bem como dirigentes dos sindicatos de S\u00e3o Paulo, Rio de Janeiro, Belo Horizonte, Bahia e ABC.<\/p>\n<p>\u00a0<\/p>\n<p>Ademir entregou para a delegada uma c\u00f3pia da \u00faltima pesquisa nacional de ataques a bancos, realizada pela Contraf-CUT e Confedera\u00e7\u00e3o Nacional dos Vigilantes (CNTV) com dados de 2012, que apresentou 2.520 ocorr\u00eancias, um crescimento de 56,89% e uma m\u00e9dia assustadora de 6,92 casos por dia.<\/p>\n<p>\u00a0<\/p>\n<p>\u00a0<\/p>\n<p><strong>Inseguran\u00e7a<\/strong><\/p>\n<p>\u00a0<\/p>\n<p>Os banc\u00e1rios aproveitaram para alertar a nova coordenadora da CCASP para o descaso dos bancos com a seguran\u00e7a. \u201cEles est\u00e3o usando as filas e a inseguran\u00e7a para empurrar os clientes aos canais alternativos de atendimento, como internet e celular, para reduzir ainda mais os custos e aumentar os lucros\u201d, denunciou Ademir.<\/p>\n<p>\u00a0<\/p>\n<p>Os dirigentes sindicais defenderam a import\u00e2ncia da atualiza\u00e7\u00e3o da lei federal n\u00ba 7.102\/83. \u201cEssa legisla\u00e7\u00e3o est\u00e1 completando 30 anos e hoje est\u00e1 defasada. Mesmo assim, ainda vem sendo descumprida. Apresentamos diversas propostas para a constru\u00e7\u00e3o do projeto de estatuto da seguran\u00e7a privada, que est\u00e1 sendo finalizado pelo governo, e esperamos que o texto final traga avan\u00e7os concretos para proteger a vida das pessoas e prevenir assaltos e sequestros\u201d, acentuou o diretor da Contraf-CUT.<\/p>\n<p>\u00a0<\/p>\n<p>A amplia\u00e7\u00e3o de equipamentos de preven\u00e7\u00e3o foi defendida pelos banc\u00e1rios. \u201cDestacamos a porta girat\u00f3ria antes do autoatendimento em ag\u00eancias e postos de atendimento, c\u00e2meras internas e externas com monitoramento em tempo real, biombos em frente aos caixas e divis\u00f3rias entre os caixas eletr\u00f4nicos, guarda-volumes, dentre outros itens\u201d, ressaltou Leonardo Fonseca, diretor do Sindicato dos Banc\u00e1rios de Belo Horizonte.<\/p>\n<p>\u00a0<\/p>\n<p>\u201cApontamos tamb\u00e9m que v\u00e1rios bancos continuam usando banc\u00e1rios para fazer transporte ilegal de valores, bem como instalando caixas eletr\u00f4nicos em locais inseguros e abrindo ag\u00eancias sem aprova\u00e7\u00e3o do plano de seguran\u00e7a pela PF\u201d, enfatizou Daniel Reis, diretor do Sindicato dos Banc\u00e1rios de S\u00e3o Paulo.<\/p>\n<p>\u00a0<\/p>\n<p>\u00a0<\/p>\n<p><strong>Precariza\u00e7\u00e3o<\/strong><\/p>\n<p>\u00a0<\/p>\n<p>A precariza\u00e7\u00e3o do atendimento, atrav\u00e9s de lot\u00e9ricas, banco postal e correspondentes banc\u00e1rios, tamb\u00e9m foi enfatizada pelos banc\u00e1rios, uma vez que isso gera inseguran\u00e7a, pois esses estabelecimentos n\u00e3o possuem vigilantes e quase n\u00e3o t\u00eam equipamentos de preven\u00e7\u00e3o.<\/p>\n<p>\u00a0<\/p>\n<p>\u201cA segmenta\u00e7\u00e3o de clientes, por meio de ag\u00eancias tipo prime, personnalit\u00e9, estilo e select, dentre outras, tamb\u00e9m est\u00e1 preocupando os banc\u00e1rios, na medida em que os v\u00e1rios bancos acham que essas unidades n\u00e3o precisam de planos de seguran\u00e7a, o que \u00e9 ilegal, pois h\u00e1 movimenta\u00e7\u00e3o de numer\u00e1rio\u201d, frisou Andr\u00e9 Spiga, diretor do Sindicato dos Banc\u00e1rios do Rio de Janeiro.<\/p>\n<p>\u00a0<\/p>\n<p>Foi denunciada tamb\u00e9m a pr\u00e1tica do Santander de utilizar banc\u00e1rios em v\u00e1rias ag\u00eancias, com mesa e cadeira em pleno autoatendimento, para vender produtos aos clientes. O presidente do Sindicato dos Banc\u00e1rios do ABC, Eric Nilson, alertou que \u201cesse procedimento coloca em risco a vida de banc\u00e1rios, vigilantes e clientes\u201d. A delegada se manifestou contr\u00e1ria a essa pr\u00e1tica. \u201cN\u00e3o concordo em usar o autoatendimento para fazer neg\u00f3cios\u201d, disse Silvana.<\/p>\n<p>\u00a0<\/p>\n<p>Os banc\u00e1rios criticaram ainda a postura de v\u00e1rios bancos em abrir ag\u00eancias sem vigilantes quando os trabalhadores em seguran\u00e7a entram em greve, pois, al\u00e9m de descumprirem a lei 7.102\/83, colocam em risco a vida de banc\u00e1rios e clientes. \u201cJ\u00e1 obtivemos decis\u00f5es judiciais obrigando os bancos a fechar ag\u00eancias abertas sem vigilantes\u201d, declarou Adelmo Andrade, diretor do Sindicato dos Banc\u00e1rios da Bahia.<\/p>\n<p>\u00a0<\/p>\n<p>A nova coordenadora da CCASP ouviu os problemas apontados pelos banc\u00e1rios e colocou-se \u00e0 disposi\u00e7\u00e3o para buscar solu\u00e7\u00f5es no \u00e2mbito da Pol\u00edcia Federal.<\/p>\n<p>\u00a0<\/p>\n<p>\u00a0<\/p>\n<p><strong>Pr\u00f3xima reuni\u00e3o da CCASP\u00a0<\/strong><\/p>\n<p>\u00a0<\/p>\n<p>A Pol\u00edcia Federal realiza no pr\u00f3ximo dia 17, \u00e0s 9 horas, a 97\u00aa reuni\u00e3o CCASP, em Bras\u00edlia. Estar\u00e3o em julgamento processos movidos contra bancos, empresas de vigil\u00e2ncia e transporte de valores, e centros de forma\u00e7\u00e3o de vigilantes, em raz\u00e3o do descumprimento da lei federal n\u00ba 7.102\/83 e das normas de seguran\u00e7a.<\/p>\n<p>\u00a0<\/p>\n<p>Essa ser\u00e1 a segunda reuni\u00e3o em 2013 e a primeira a ser presidida pela nova coordenadora da CCASP.<\/p>\n<p>\u00a0<\/p>\n<p>\u00a0<\/p>\n<p><strong>Reuni\u00e3o do Coletivo Nacional<\/strong><\/p>\n<p>\u00a0<\/p>\n<p>Na v\u00e9spera da reuni\u00e3o da CCASP, a Contraf-CUT re\u00fane o Coletivo Nacional de Seguran\u00e7a Banc\u00e1ria no dia 16, \u00e0s 14 horas, nas depend\u00eancias do Sindicato dos Banc\u00e1rios de Bras\u00edlia. \u201cVamos analisar os processos em pauta e definir o posicionamento dos banc\u00e1rios, al\u00e9m de discutir outros assuntos de seguran\u00e7a\u201d, concluiu Ademir.<\/p>\n<p>\u00a0<\/p>\n<p>Fonte: Contraf-CUT<\/p>\n","protected":false},"excerpt":{"rendered":"<p>A Contraf-CUT se reuniu pela primeira vez na manh\u00e3 desta ter\u00e7a-feira (9) com a nova coordenadora da Comiss\u00e3o Consultiva para Assuntos de Seguran\u00e7a Privada (CCASP) da Pol\u00edcia Federal (PF), delegada Silvana Helena Vieira Borges, em Bras\u00edlia. Ela substitui o delegado Clyton Eust\u00e1quio Xavier, que tomou posse no dia 21 de maio como novo superintendente da [&hellip;]<\/p>\n","protected":false},"author":1,"featured_media":0,"comment_status":"","ping_status":"","sticky":false,"template":"","format":"standard","meta":{"footnotes":""},"categories":[3],"tags":[],"class_list":["post-1189","post","type-post","status-publish","format-standard","hentry","category-noticias"],"_links":{"self":[{"href":"https:\/\/hostnetart.com.br\/baixada\/wp-json\/wp\/v2\/posts\/1189","targetHints":{"allow":["GET"]}}],"collection":[{"href":"https:\/\/hostnetart.com.br\/baixada\/wp-json\/wp\/v2\/posts"}],"about":[{"href":"https:\/\/hostnetart.com.br\/baixada\/wp-json\/wp\/v2\/types\/post"}],"author":[{"embeddable":true,"href":"https:\/\/hostnetart.com.br\/baixada\/wp-json\/wp\/v2\/users\/1"}],"replies":[{"embeddable":true,"href":"https:\/\/hostnetart.com.br\/baixada\/wp-json\/wp\/v2\/comments?post=1189"}],"version-history":[{"count":0,"href":"https:\/\/hostnetart.com.br\/baixada\/wp-json\/wp\/v2\/posts\/1189\/revisions"}],"wp:attachment":[{"href":"https:\/\/hostnetart.com.br\/baixada\/wp-json\/wp\/v2\/media?parent=1189"}],"wp:term":[{"taxonomy":"category","embeddable":true,"href":"https:\/\/hostnetart.com.br\/baixada\/wp-json\/wp\/v2\/categories?post=1189"},{"taxonomy":"post_tag","embeddable":true,"href":"https:\/\/hostnetart.com.br\/baixada\/wp-json\/wp\/v2\/tags?post=1189"}],"curies":[{"name":"wp","href":"https:\/\/api.w.org\/{rel}","templated":true}]}}