{"id":11883,"date":"2021-12-10T03:40:57","date_gmt":"2021-12-10T06:40:57","guid":{"rendered":"https:\/\/hostnetart.com.br\/baixada\/10-de-dezembro-e-o-dia-internacional-dos-direitos-humanos-2\/"},"modified":"2021-12-10T03:40:57","modified_gmt":"2021-12-10T06:40:57","slug":"10-de-dezembro-e-o-dia-internacional-dos-direitos-humanos-2","status":"publish","type":"post","link":"https:\/\/hostnetart.com.br\/baixada\/10-de-dezembro-e-o-dia-internacional-dos-direitos-humanos-2\/","title":{"rendered":"10 de dezembro \u00e9 o Dia Internacional dos Direitos Humanos"},"content":{"rendered":"<p>Liberdade, vida, seguran\u00e7a e dignidade. Estes s\u00e3o os direitos que formam a base da Declara\u00e7\u00e3o Universal dos Direitos Humanos, apresentada e proclamada durante a Assembleia Geral da Organiza\u00e7\u00e3o das Na\u00e7\u00f5es Unidas no dia 10 de dezembro de 1948. Dois anos depois, o dia 10 de dezembro foi oficializado como o Dia Internacional dos Direitos Humanos.<\/p>\n<p>Em seus 30 artigos, a Declara\u00e7\u00e3o dos Direitos Humanos garante direitos b\u00e1sicos para todas as pessoas, como educa\u00e7\u00e3o, sa\u00fade, moradia e alimenta\u00e7\u00e3o adequadas, cultura, informa\u00e7\u00e3o, respeito, n\u00e3o-discrimina\u00e7\u00e3o e liberdade.<\/p>\n<p>\u201cA declara\u00e7\u00e3o dos direitos humanos foi criada em um contexto de p\u00f3s-guerra mundial, com a Europa arrasada ap\u00f3s os conflitos. As pessoas n\u00e3o tinham as m\u00ednimas condi\u00e7\u00f5es de sobreviv\u00eancia. A ideia foi a de se fazer tudo que fosse poss\u00edvel para que nunca mais ningu\u00e9m no mundo precisasse passar por aquela situa\u00e7\u00e3o\u201d, explicou a secret\u00e1ria de Pol\u00edticas Sociais da Confedera\u00e7\u00e3o Nacional dos Trabalhadores do Ramo Financeiro (Contraf-CUT), Rosalina Amorim. \u201cOu seja, quando falamos em direitos humanos, nos referimos aos mais diversos direitos que todos os seres humanos t\u00eam. \u00c9 algo que vai muito al\u00e9m da quest\u00e3o da viol\u00eancia f\u00edsica ou policial\u201d, completou.<\/p>\n<p>Para Rosalina, fazer atividades na data \u00e9 uma forma de lembrar que todos temos estes direitos que, na maioria dos pa\u00edses, s\u00e3o negados \u00e0 popula\u00e7\u00e3o. \u201cE na atual conjuntura de nosso pa\u00eds, torna-se fundamental o esclarecimento e o debate sobre o tema para que todos percebam que, dia ap\u00f3s dia, t\u00eam seus direitos violados pelo pr\u00f3prio Estado, comandado por um Presidente da Rep\u00fablica que dissemina desinforma\u00e7\u00e3o, prega o preconceito, o \u00f3dio e a viol\u00eancia\u201d, afirmou a secret\u00e1ria de Pol\u00edticas Sociais da Contraf-CUT.<\/p>\n<h3>Viol\u00eancia contra as mulheres<\/h3>\n<p>A data tamb\u00e9m marca o encerramento dos 21 Dias de Ativismo, que faz parte da agenda mundial de combate da viol\u00eancia \u00e0s mulheres.<\/p>\n<p>\u201cEsta \u00e9 uma pauta que est\u00e1 presente no dia a dia da categoria, inclusive nas negocia\u00e7\u00f5es com os bancos. Mas, ainda h\u00e1 muito a avan\u00e7ar. Por isso, cobramos que todos os bancos aprimorem suas pol\u00edticas de preven\u00e7\u00e3o, combate e de acolhimento, como os canais de atendimento \u00e0s mulheres v\u00edtimas de viol\u00eancia dom\u00e9stica previstos em nossa conven\u00e7\u00e3o coletiva de trabalho e tamb\u00e9m para que este problema seja enfrentado por toda a sociedade e se d\u00ea um basta \u00e0 viol\u00eancia contra as mulheres\u201d, disse a secret\u00e1ria de Mulheres da Contraf-CUT, Elaine Cutis. \u201cTamb\u00e9m neste sentido a Contraf-CUT est\u00e1 implementando em todo o Brasil o Projeto Basta, que capacita entidades sindicais a prestar assist\u00eancia jur\u00eddica gratuita a mulheres em situa\u00e7\u00e3o de viol\u00eancia\u201d, completou.\u00a0<\/p>\n<figure class=\"wp-block-embed-youtube wp-block-embed is-type-video is-provider-youtube wp-embed-aspect-16-9 wp-has-aspect-ratio\"><\/figure>\n<p>No dia 10, das 14h \u00e0s 18h, a Regional SP da Central \u00danica dos Trabalhadores (CUT-SP) realizar\u00e1 uma plen\u00e1ria do setorial de mulheres contra a viol\u00eancia pol\u00edtica de g\u00eanero. A atividade ser\u00e1 realizada na modalidade remota e transmitida pelas p\u00e1ginas das redes sociais da CUT.<\/p>\n<p><strong>Fonte: Contraf-CUT<\/strong><\/p>\n","protected":false},"excerpt":{"rendered":"<p>Liberdade, vida, seguran\u00e7a e dignidade. Estes s\u00e3o os direitos que formam a base da Declara\u00e7\u00e3o Universal dos Direitos Humanos, apresentada e proclamada durante a Assembleia Geral da Organiza\u00e7\u00e3o das Na\u00e7\u00f5es Unidas no dia 10 de dezembro de 1948. Dois anos depois, o dia 10 de dezembro foi oficializado como o Dia Internacional dos Direitos Humanos. [&hellip;]<\/p>\n","protected":false},"author":2,"featured_media":11882,"comment_status":"","ping_status":"","sticky":false,"template":"","format":"standard","meta":{"footnotes":""},"categories":[3],"tags":[],"class_list":["post-11883","post","type-post","status-publish","format-standard","has-post-thumbnail","hentry","category-noticias"],"_links":{"self":[{"href":"https:\/\/hostnetart.com.br\/baixada\/wp-json\/wp\/v2\/posts\/11883","targetHints":{"allow":["GET"]}}],"collection":[{"href":"https:\/\/hostnetart.com.br\/baixada\/wp-json\/wp\/v2\/posts"}],"about":[{"href":"https:\/\/hostnetart.com.br\/baixada\/wp-json\/wp\/v2\/types\/post"}],"author":[{"embeddable":true,"href":"https:\/\/hostnetart.com.br\/baixada\/wp-json\/wp\/v2\/users\/2"}],"replies":[{"embeddable":true,"href":"https:\/\/hostnetart.com.br\/baixada\/wp-json\/wp\/v2\/comments?post=11883"}],"version-history":[{"count":0,"href":"https:\/\/hostnetart.com.br\/baixada\/wp-json\/wp\/v2\/posts\/11883\/revisions"}],"wp:featuredmedia":[{"embeddable":true,"href":"https:\/\/hostnetart.com.br\/baixada\/wp-json\/wp\/v2\/media\/11882"}],"wp:attachment":[{"href":"https:\/\/hostnetart.com.br\/baixada\/wp-json\/wp\/v2\/media?parent=11883"}],"wp:term":[{"taxonomy":"category","embeddable":true,"href":"https:\/\/hostnetart.com.br\/baixada\/wp-json\/wp\/v2\/categories?post=11883"},{"taxonomy":"post_tag","embeddable":true,"href":"https:\/\/hostnetart.com.br\/baixada\/wp-json\/wp\/v2\/tags?post=11883"}],"curies":[{"name":"wp","href":"https:\/\/api.w.org\/{rel}","templated":true}]}}