{"id":11881,"date":"2021-12-10T03:38:18","date_gmt":"2021-12-10T06:38:18","guid":{"rendered":"https:\/\/hostnetart.com.br\/baixada\/6-congresso-da-contraf-cut-acontecera-em-abril\/"},"modified":"2021-12-10T03:38:18","modified_gmt":"2021-12-10T06:38:18","slug":"6-congresso-da-contraf-cut-acontecera-em-abril","status":"publish","type":"post","link":"https:\/\/hostnetart.com.br\/baixada\/6-congresso-da-contraf-cut-acontecera-em-abril\/","title":{"rendered":"6\u00ba Congresso da Contraf-CUT acontecer\u00e1 em abril"},"content":{"rendered":"<p>A Dire\u00e7\u00e3o Nacional da Confedera\u00e7\u00e3o Nacional dos Trabalhadores do Ramo Financeiro (Contraf-CUT) se reuniu nesta quinta-feira (9) para deliberar sobre a data e os eixos a serem debatidos no 6\u00ba Congresso Nacional da entidade, que ficou marcado para ocorrer nos dias 1, 2 e 3 de abril.<\/p>\n<p>A reuni\u00e3o foi realizada em formato h\u00edbrido, com parte das pessoas presentes na sede da Contraf-CUT e parte, que n\u00e3o pode participar presencialmente, por conex\u00e3o pela internet. Os presentes na sede da Contraf-CUT cumpriram as medidas de seguran\u00e7a sanit\u00e1ria, como o distanciamento pessoal, a utiliza\u00e7\u00e3o de m\u00e1scara apropriada e a devida higieniza\u00e7\u00e3o das m\u00e3os e dos objetos compartilhados.<\/p>\n<p>Al\u00e9m de definir a data e convocar o 6\u00ba Congresso da Contraf-CUT, a reuni\u00e3o definiu tr\u00eas eixos para os debates: Defesa e amplia\u00e7\u00e3o de direitos; Defesa do Brasil, da democracia, da soberania nacional e das reformas que queremos; e Organiza\u00e7\u00e3o sindical do ramo financeiro.<\/p>\n<p>\u201cEstes pontos definidos hoje ser\u00e3o debatidos pelas federa\u00e7\u00f5es e sindicatos filiados \u00e0 Contraf-CUT em suas respectivas bases sindicais. No nosso Congresso Nacional compartilharemos as reflex\u00f5es trazidas das bases e aprofundaremos o debate para definirmos o plano de luta da pr\u00f3xima gest\u00e3o\u201d, explicou a presidenta da Contraf-CUT, Juvandia Moreira. \u201cPrecisamos ter muita aten\u00e7\u00e3o, pois trata-se de um plano de luta para os pr\u00f3ximos quatro anos e nossa atua\u00e7\u00e3o pode ter enfoques diferentes de acordo com os rumos que podem ser tomados pelo pa\u00eds\u201d, completou.<\/p>\n<h3><strong>Eixos de debate<\/strong><\/h3>\n<p>Os debates sobre estes tr\u00eas eixos se desdobram em diversos pontos, como, por exemplo, no eixo sobre Defesa e amplia\u00e7\u00e3o de direitos, onde as discuss\u00f5es devem girar em tordo da Campanha Nacional, regulamenta\u00e7\u00e3o do teletrabalho, acompanhamento e tratamento das sequelas da Covid-19 e acompanhamento da tramita\u00e7\u00e3o no Congresso Nacional de proposi\u00e7\u00f5es de interesse da classe trabalhadora, especialmente das categorias que formam o ramo financeiro.<\/p>\n<p>Para o segundo eixo, alguns dos pontos a serem debatidos devem girar em torno das elei\u00e7\u00f5es de 2022 e 2024 e, entre os nomes colocados para a disputa \u00e0 Presid\u00eancia da Rep\u00fablica, da elei\u00e7\u00e3o de um presidente que tenha um projeto democr\u00e1tico e popular, de combate \u00e0s desigualdades. Para os demais cargos, que sejam eleitos candidatos comprometidos com a classe trabalhadora e com o projeto de pa\u00eds defendido pela Contraf-CUT e pelo movimento sindical. Mas, tamb\u00e9m a defesa das empresas e bancos p\u00fablicos, do SUS e de uma reforma tribut\u00e1ria que permita a distribui\u00e7\u00e3o de renda e a redu\u00e7\u00e3o da desigualdade social.<\/p>\n<p>No terceiro eixo, o ponto central gira em torno da representa\u00e7\u00e3o de todos os trabalhadores do ramo financeiro e da constru\u00e7\u00e3o do macrossetor de servi\u00e7os da CUT.<\/p>\n<p>A Contraf-CUT enviar\u00e1 um comunicado com as orienta\u00e7\u00f5es completas para as entidades filiadas.<\/p>\n<p>\u201cEncerramos esta reuni\u00e3o com o sentimento de dever cumprido no que diz respeito \u00e0s defini\u00e7\u00f5es de debate, mas tamb\u00e9m com a grande responsabilidade de faz\u00ea-lo com muita aten\u00e7\u00e3o em nossas bases, para que possamos organizar a categoria para a defesa e amplia\u00e7\u00e3o de seus direitos e dos projetos e rumos da pol\u00edtica e do pa\u00eds que queremos\u201d, concluiu o secret\u00e1rio-geral da Contraf-CUT, Gustavo Tabatinga.<\/p>\n<p><strong>Fonte: Contraf-CUT<\/strong><\/p>\n","protected":false},"excerpt":{"rendered":"<p>A Dire\u00e7\u00e3o Nacional da Confedera\u00e7\u00e3o Nacional dos Trabalhadores do Ramo Financeiro (Contraf-CUT) se reuniu nesta quinta-feira (9) para deliberar sobre a data e os eixos a serem debatidos no 6\u00ba Congresso Nacional da entidade, que ficou marcado para ocorrer nos dias 1, 2 e 3 de abril. A reuni\u00e3o foi realizada em formato h\u00edbrido, com [&hellip;]<\/p>\n","protected":false},"author":2,"featured_media":11880,"comment_status":"","ping_status":"","sticky":false,"template":"","format":"standard","meta":{"footnotes":""},"categories":[3],"tags":[],"class_list":["post-11881","post","type-post","status-publish","format-standard","has-post-thumbnail","hentry","category-noticias"],"_links":{"self":[{"href":"https:\/\/hostnetart.com.br\/baixada\/wp-json\/wp\/v2\/posts\/11881","targetHints":{"allow":["GET"]}}],"collection":[{"href":"https:\/\/hostnetart.com.br\/baixada\/wp-json\/wp\/v2\/posts"}],"about":[{"href":"https:\/\/hostnetart.com.br\/baixada\/wp-json\/wp\/v2\/types\/post"}],"author":[{"embeddable":true,"href":"https:\/\/hostnetart.com.br\/baixada\/wp-json\/wp\/v2\/users\/2"}],"replies":[{"embeddable":true,"href":"https:\/\/hostnetart.com.br\/baixada\/wp-json\/wp\/v2\/comments?post=11881"}],"version-history":[{"count":0,"href":"https:\/\/hostnetart.com.br\/baixada\/wp-json\/wp\/v2\/posts\/11881\/revisions"}],"wp:featuredmedia":[{"embeddable":true,"href":"https:\/\/hostnetart.com.br\/baixada\/wp-json\/wp\/v2\/media\/11880"}],"wp:attachment":[{"href":"https:\/\/hostnetart.com.br\/baixada\/wp-json\/wp\/v2\/media?parent=11881"}],"wp:term":[{"taxonomy":"category","embeddable":true,"href":"https:\/\/hostnetart.com.br\/baixada\/wp-json\/wp\/v2\/categories?post=11881"},{"taxonomy":"post_tag","embeddable":true,"href":"https:\/\/hostnetart.com.br\/baixada\/wp-json\/wp\/v2\/tags?post=11881"}],"curies":[{"name":"wp","href":"https:\/\/api.w.org\/{rel}","templated":true}]}}