{"id":11877,"date":"2021-12-09T11:50:46","date_gmt":"2021-12-09T14:50:46","guid":{"rendered":"https:\/\/hostnetart.com.br\/baixada\/avancam-negociacoes-com-o-bb-sobre-retorno-ao-trabalho-presencial\/"},"modified":"2021-12-09T11:50:46","modified_gmt":"2021-12-09T14:50:46","slug":"avancam-negociacoes-com-o-bb-sobre-retorno-ao-trabalho-presencial","status":"publish","type":"post","link":"https:\/\/hostnetart.com.br\/baixada\/avancam-negociacoes-com-o-bb-sobre-retorno-ao-trabalho-presencial\/","title":{"rendered":"Avan\u00e7am negocia\u00e7\u00f5es com o BB sobre retorno ao trabalho presencial"},"content":{"rendered":"<p>A Comiss\u00e3o de Empresa dos Funcion\u00e1rios do Banco do Brasil (CEBB) se reuniu com o banco na tarde desta ter\u00e7a-feira (7) para debater sobre o retorno ao trabalho presencial do grupo de risco. O principal avan\u00e7o do encontro foi a manuten\u00e7\u00e3o em home office de gr\u00e1vidas, imunossuprimidos (indiv\u00edduos que possuem uma condi\u00e7\u00e3o de sa\u00fade que faz com que seus corpos respondam menos a qualquer tipo de vacina), pessoas em tratamento contra o c\u00e2ncer e com defici\u00eancia auditiva. Tamb\u00e9m permanecem em home office as pessoas que n\u00e3o se vacinaram por indica\u00e7\u00e3o m\u00e9dica.<\/p>\n<p>\u201cConsideramos um avan\u00e7o esse retorno do banco, fruto de reiterados pedidos nossos, representantes dos trabalhadores, para proteger funcion\u00e1rias e funcion\u00e1rios em condi\u00e7\u00f5es que os colocam no grupo de risco\u201d, pontou Fernanda Lopes, secret\u00e1ria de Juventude e representante da Confedera\u00e7\u00e3o Nacional dos Trabalhadores do Ramo Financeiro (Contraf-CUT) nas negocia\u00e7\u00f5es com o BB. \u201cCada dia no trabalho presencial \u00e9 um grande risco de vida para esse grupo de pessoas, mesmo que vacinadas. A pandemia n\u00e3o acabou\u201d, completou.<\/p>\n<p>Os banc\u00e1rios que se enquadrarem no grupo que deve permanecer em trabalho remoto dever\u00e3o encaminhar laudo m\u00e9dico comprovando a condi\u00e7\u00e3o e indicando afastamento do trabalho presencial aos Servi\u00e7os Especializados em Engenharia de Seguran\u00e7a e em Medicina do Trabalho (Sesmt), localizados nas Ger\u00eancias Regionais de Gest\u00e3o de Pessoas. Demais casos com indica\u00e7\u00e3o de afastamento das atividades presenciais tamb\u00e9m devem ser encaminhados ao Sesmt para avalia\u00e7\u00e3o.<\/p>\n<h3>Mobiliza\u00e7\u00e3o nacional<\/h3>\n<p>A CEBB cobrou do banco mais contrata\u00e7\u00f5es, \u00fanico meio para resolver a sobrecarga e melhorar as condi\u00e7\u00f5es de trabalho nas ag\u00eancias e unidades administrativas do BB. Os representantes dos funcion\u00e1rios do BB reivindicaram, ainda, a implementa\u00e7\u00e3o do acordo de teletrabalho.<\/p>\n<p>Tamb\u00e9m nessa ter\u00e7a-feira (7), horas antes da mesa de negocia\u00e7\u00e3o entre a CEBB e o BB, funcion\u00e1rios e funcion\u00e1rias do banco realizaram o Dia Nacional de Luta, denunciando a sobrecarga no trabalho por causa da implementa\u00e7\u00e3o de metas abusivas e da redu\u00e7\u00e3o do quadro de pessoas.<\/p>\n<p>\u201cAs mobiliza\u00e7\u00f5es em todo o pa\u00eds mostraram a indigna\u00e7\u00e3o com as atitudes do BB, tomadas de forma unilateral. Os sindicatos fizeram o seu papel que foi cobrar respeito e negociar, buscando sa\u00eddas para todas as quest\u00f5es que envolvem a seguran\u00e7a e manuten\u00e7\u00e3o dos postos de trabalho\u201d, destacou Fernanda Lopes. \u201cO banco tem que aprender a respeitar seus funcion\u00e1rios n\u00e3o somente por meio de palavras, mas atrav\u00e9s de atos tamb\u00e9m\u201d, concluiu.<\/p>\n<p><strong>Fonte: Contraf-CUT<\/strong><\/p>\n","protected":false},"excerpt":{"rendered":"<p>A Comiss\u00e3o de Empresa dos Funcion\u00e1rios do Banco do Brasil (CEBB) se reuniu com o banco na tarde desta ter\u00e7a-feira (7) para debater sobre o retorno ao trabalho presencial do grupo de risco. O principal avan\u00e7o do encontro foi a manuten\u00e7\u00e3o em home office de gr\u00e1vidas, imunossuprimidos (indiv\u00edduos que possuem uma condi\u00e7\u00e3o de sa\u00fade que [&hellip;]<\/p>\n","protected":false},"author":2,"featured_media":11876,"comment_status":"","ping_status":"","sticky":false,"template":"","format":"standard","meta":{"footnotes":""},"categories":[3],"tags":[],"class_list":["post-11877","post","type-post","status-publish","format-standard","has-post-thumbnail","hentry","category-noticias"],"_links":{"self":[{"href":"https:\/\/hostnetart.com.br\/baixada\/wp-json\/wp\/v2\/posts\/11877","targetHints":{"allow":["GET"]}}],"collection":[{"href":"https:\/\/hostnetart.com.br\/baixada\/wp-json\/wp\/v2\/posts"}],"about":[{"href":"https:\/\/hostnetart.com.br\/baixada\/wp-json\/wp\/v2\/types\/post"}],"author":[{"embeddable":true,"href":"https:\/\/hostnetart.com.br\/baixada\/wp-json\/wp\/v2\/users\/2"}],"replies":[{"embeddable":true,"href":"https:\/\/hostnetart.com.br\/baixada\/wp-json\/wp\/v2\/comments?post=11877"}],"version-history":[{"count":0,"href":"https:\/\/hostnetart.com.br\/baixada\/wp-json\/wp\/v2\/posts\/11877\/revisions"}],"wp:featuredmedia":[{"embeddable":true,"href":"https:\/\/hostnetart.com.br\/baixada\/wp-json\/wp\/v2\/media\/11876"}],"wp:attachment":[{"href":"https:\/\/hostnetart.com.br\/baixada\/wp-json\/wp\/v2\/media?parent=11877"}],"wp:term":[{"taxonomy":"category","embeddable":true,"href":"https:\/\/hostnetart.com.br\/baixada\/wp-json\/wp\/v2\/categories?post=11877"},{"taxonomy":"post_tag","embeddable":true,"href":"https:\/\/hostnetart.com.br\/baixada\/wp-json\/wp\/v2\/tags?post=11877"}],"curies":[{"name":"wp","href":"https:\/\/api.w.org\/{rel}","templated":true}]}}