{"id":11873,"date":"2021-12-08T13:51:09","date_gmt":"2021-12-08T16:51:09","guid":{"rendered":"https:\/\/hostnetart.com.br\/baixada\/passaporte-da-vacina-e-primeiro-ato-para-controle-da-pandemia-alerta-infectologista\/"},"modified":"2021-12-08T13:51:09","modified_gmt":"2021-12-08T16:51:09","slug":"passaporte-da-vacina-e-primeiro-ato-para-controle-da-pandemia-alerta-infectologista","status":"publish","type":"post","link":"https:\/\/hostnetart.com.br\/baixada\/passaporte-da-vacina-e-primeiro-ato-para-controle-da-pandemia-alerta-infectologista\/","title":{"rendered":"Passaporte da vacina \u00e9 primeiro ato para controle da pandemia, alerta infectologista"},"content":{"rendered":"<p>O ministro da Sa\u00fade, Marcelo Queiroga,\u00a0<a href=\"https:\/\/www1.folha.uol.com.br\/equilibrioesaude\/2021\/12\/governo-bolsonaro-ainda-avalia-passaporte-vacinal-diz-queiroga.shtml\" target=\"_blank\" rel=\"noopener noreferrer\">afirmou \u00e0 imprensa<\/a>, nesta ter\u00e7a-feira (7), que o governo federal ainda avalia se vai seguir a orienta\u00e7\u00e3o da Ag\u00eancia Nacional de Vigil\u00e2ncia Sanit\u00e1ria (Anvisa) de exigir o chamado \u201cpassaporte da vacina\u201d para a entrada de viajantes no Brasil. Ontem (6), o ministro Lu\u00eds Roberto Barroso, do Supremo Tribunal Federal (STF), deu prazo de 48 horas para que o governo\u00a0<a href=\"https:\/\/www.redebrasilatual.com.br\/saude-e-ciencia\/2021\/12\/stf-da-48-horas-para-governo-bolsonaro-se-manifestar-sobre-passaporte-da-vacina\/?fbclid=IwAR0aELUjcxcUMfoQrey7YwLIDpQy4KOMRK7eO4jx4Sy_tI6PgposCUGaJ6A\" target=\"_blank\" rel=\"noopener noreferrer\">se manifeste a respeito da exig\u00eancia<\/a>\u00a0do comprovante de imuniza\u00e7\u00e3o e tamb\u00e9m sobre a quarentena obrigat\u00f3ria para estrangeiros.\u00a0<\/p>\n<p>A Anvisa defende as medidas como forma de evitar um aumento dos casos de covid-19, como j\u00e1 registrados na Europa e outros locais em decorr\u00eancia do surgimento da variante \u00f4micron. Os protocolos deveriam ter sido discutidos nesta segunda, mas o governo cancelou a reuni\u00e3o. Diante da \u201cin\u00e9rcia\u201d, o ministro cobrou uma resposta dos minist\u00e9rios da Casa Civil, Justi\u00e7a, Sa\u00fade e Infraestrutura.<\/p>\n<p>O presidente e\u00a0<a href=\"https:\/\/www.redebrasilatual.com.br\/saude-e-ciencia\/2021\/11\/queiroga-contraria-recomendacao-da-anvisa-omar-aziz-vai-apresentar-pl-para-dar-poder-de-decisao-a-agencia\/\" target=\"_blank\" rel=\"noopener noreferrer\">o pr\u00f3prio ministro da Sa\u00fade<\/a>\u00a0 \u2013 em nome da \u201cliberdade individual\u201d \u2013 se dizem, no entanto, contr\u00e1rios \u00e0 medida. O argumento foi repetido novamente hoje por Queiroga. \u201c\u00c9 preciso ampliar o acesso a vacinas antes de querer cercear liberdades individuais. Tudo ser\u00e1 feito com base em an\u00e1lises t\u00e9cnicas\u201d, declarou.\u00a0<\/p>\n<h2><span style=\"text-decoration: underline;\">Passaporte e a sa\u00edda da crise<\/span><\/h2>\n<p>Mais cedo, em entrevista a Marilu Caba\u00f1as, do<strong>\u00a0Jornal Brasil Atual<\/strong>, o m\u00e9dico infectologista Gonzalo Vecina, professor da Faculdade de Sa\u00fade P\u00fablica da Universidade de S\u00e3o Paulo (USP) e ex-diretor da Anvisa, contestou os argumentos do governo Bolsonaro. E destacou que a ado\u00e7\u00e3o do passaporte da vacina \u201c\u00e9 o primeiro ato para controlar a pandemia no pa\u00eds\u201d. \u201cTemos que instaurar o\u00a0<a href=\"https:\/\/www.redebrasilatual.com.br\/saude-e-ciencia\/2021\/12\/nao-vacinados-sao-80-dos-mortes-e-internados-por-covid-no-brasil\/\" target=\"_blank\" rel=\"noopener noreferrer\">m\u00ednimo de medidas<\/a>\u00a0n\u00e3o para impedir a entrada da variante no Brasil, mas para controlar a entrada de n\u00e3o vacinados. Temos que conseguir sair dessa crise sanit\u00e1ria e o jeito de sair \u00e9 diminuir o n\u00famero de suscet\u00edveis \u00e0 doen\u00e7a dentro do pa\u00eds, pessoas que podem vir a se infectar e adoecer. E nesse espa\u00e7o quem se situa s\u00e3o os negacionistas da vacina\u201d, observa.\u00a0<\/p>\n<p>\u201cHoje no mundo, quem \u00e9 adulto e n\u00e3o est\u00e1 vacinado muito provavelmente \u00e9 um negacionista. N\u00e3o \u00e9 uma pessoa que n\u00e3o teve oportunidade de se vacinar, ainda mais se est\u00e1 viajando. Ent\u00e3o \u00e9 importante controlar a entrada e o fluxo dessas pessoas no pa\u00eds\u201d, ressalta Vecina.\u00a0<\/p>\n<p>O infectologista completa que o direito de ir e vir, pela Constitui\u00e7\u00e3o, est\u00e1 submetido ao direito \u00e0 vida e \u00e0 sa\u00fade. \u201cEspero que essa nova discuss\u00e3o que o Bolsonaro arrumou com o Supremo Tribunal Federal termine com uma decis\u00e3o da Corte no sentido de que a sociedade, por ordem constitucional tem que se proteger, e a\u00ed que instaure a obrigatoriedade do passaporte da vacina\u201d, afirma.\u00a0<\/p>\n<h3>Situa\u00e7\u00e3o sanit\u00e1ria de Rond\u00f4nia<\/h3>\n<p>A nova cepa \u00e9 motivo de preocupa\u00e7\u00e3o global e j\u00e1 foi identificada em 45 pa\u00edses. Ministros da Sa\u00fade da Uni\u00e3o Europeia est\u00e3o reunidos hoje para discutir o assunto. No Reino Unido, por exemplo, at\u00e9 domingo (5), o pa\u00eds tinha confirmado 246 casos, o dobro do total registrado na sexta (3). Na Dinamarca j\u00e1 eram 183 casos, o triplo do que havia sido confirmado dois dias antes. No Brasil, a situa\u00e7\u00e3o em Rond\u00f4nia tamb\u00e9m chamou aten\u00e7\u00e3o. Depois de oito meses, o estado voltou a registrar filas por leito para tratamento da covid.\u00a0<\/p>\n<p>De acordo com relat\u00f3rio do governo estadual, divulgado no domingo, sete pessoas aguardavam por uma vaga. Dois em situa\u00e7\u00e3o grave e positivados para a covid e dois graves, mas sem o resultado do teste. A avalia\u00e7\u00e3o de Vecina \u00e9 que esse \u00e9 um problema com rela\u00e7\u00e3o \u00e0 falta de estrutura da sa\u00fade p\u00fablica na regi\u00e3o e \u00e0 variante delta. O que de acordo com ele tamb\u00e9m se liga\u00e7\u00e3o com o ritmo de vacina\u00e7\u00e3o no estado e a flexibiliza\u00e7\u00e3o do uso obrigat\u00f3rio de m\u00e1scaras e isolamento social.\u00a0<\/p>\n<p>Dados da\u00a0<a href=\"https:\/\/g1.globo.com\/saude\/coronavirus\/vacinas\/noticia\/2021\/12\/05\/vacinacao-contra-a-covid-1366-milhoes-de-pessoas-no-brasil-estao-totalmente-imunizadas.ghtml\" target=\"_blank\" rel=\"noopener noreferrer\">Secretaria de Sa\u00fade de Rond\u00f4nia<\/a>\u00a0mostram que 66% da popula\u00e7\u00e3o recebeu a primeira dose da vacina. Enquanto 55,1% est\u00e1 completamente imunizada com a segunda dose ou a dose \u00fanica. Percentuais ainda baixos comparados com outros estados, como Piau\u00ed, que tem 75,69% da popula\u00e7\u00e3o vacinada com a primeira dose. E at\u00e9 63,49% completamente imunizada.\u00a0<\/p>\n<p>\u201cO que est\u00e1 acontecendo em Rond\u00f4nia \u00e9 pelo relaxamento dos uso de m\u00e1scara, das medidas de isolamento e pela possibilidade de encontro de pessoas. E a\u00ed o v\u00edrus faz o seu servi\u00e7o, faz com que as pessoas adoe\u00e7am e ocorra a necessidade de leitos de UTI\u201d, analisa o infectologista.\u00a0<\/p>\n<p><strong>Fonte: Rede Brasil Atual<\/strong><\/p>\n","protected":false},"excerpt":{"rendered":"<p>O ministro da Sa\u00fade, Marcelo Queiroga,\u00a0afirmou \u00e0 imprensa, nesta ter\u00e7a-feira (7), que o governo federal ainda avalia se vai seguir a orienta\u00e7\u00e3o da Ag\u00eancia Nacional de Vigil\u00e2ncia Sanit\u00e1ria (Anvisa) de exigir o chamado \u201cpassaporte da vacina\u201d para a entrada de viajantes no Brasil. Ontem (6), o ministro Lu\u00eds Roberto Barroso, do Supremo Tribunal Federal (STF), [&hellip;]<\/p>\n","protected":false},"author":2,"featured_media":11872,"comment_status":"","ping_status":"","sticky":false,"template":"","format":"standard","meta":{"footnotes":""},"categories":[3],"tags":[],"class_list":["post-11873","post","type-post","status-publish","format-standard","has-post-thumbnail","hentry","category-noticias"],"_links":{"self":[{"href":"https:\/\/hostnetart.com.br\/baixada\/wp-json\/wp\/v2\/posts\/11873","targetHints":{"allow":["GET"]}}],"collection":[{"href":"https:\/\/hostnetart.com.br\/baixada\/wp-json\/wp\/v2\/posts"}],"about":[{"href":"https:\/\/hostnetart.com.br\/baixada\/wp-json\/wp\/v2\/types\/post"}],"author":[{"embeddable":true,"href":"https:\/\/hostnetart.com.br\/baixada\/wp-json\/wp\/v2\/users\/2"}],"replies":[{"embeddable":true,"href":"https:\/\/hostnetart.com.br\/baixada\/wp-json\/wp\/v2\/comments?post=11873"}],"version-history":[{"count":0,"href":"https:\/\/hostnetart.com.br\/baixada\/wp-json\/wp\/v2\/posts\/11873\/revisions"}],"wp:featuredmedia":[{"embeddable":true,"href":"https:\/\/hostnetart.com.br\/baixada\/wp-json\/wp\/v2\/media\/11872"}],"wp:attachment":[{"href":"https:\/\/hostnetart.com.br\/baixada\/wp-json\/wp\/v2\/media?parent=11873"}],"wp:term":[{"taxonomy":"category","embeddable":true,"href":"https:\/\/hostnetart.com.br\/baixada\/wp-json\/wp\/v2\/categories?post=11873"},{"taxonomy":"post_tag","embeddable":true,"href":"https:\/\/hostnetart.com.br\/baixada\/wp-json\/wp\/v2\/tags?post=11873"}],"curies":[{"name":"wp","href":"https:\/\/api.w.org\/{rel}","templated":true}]}}