{"id":11867,"date":"2021-12-07T22:15:52","date_gmt":"2021-12-08T01:15:52","guid":{"rendered":"https:\/\/hostnetart.com.br\/baixada\/bancarios-denunciam-falta-de-condicoes-de-trabalho-no-bb-e-na-caixa\/"},"modified":"2021-12-07T22:15:52","modified_gmt":"2021-12-08T01:15:52","slug":"bancarios-denunciam-falta-de-condicoes-de-trabalho-no-bb-e-na-caixa","status":"publish","type":"post","link":"https:\/\/hostnetart.com.br\/baixada\/bancarios-denunciam-falta-de-condicoes-de-trabalho-no-bb-e-na-caixa\/","title":{"rendered":"Banc\u00e1rios denunciam falta de condi\u00e7\u00f5es de trabalho no BB e na Caixa"},"content":{"rendered":"<p>Banc\u00e1rias e banc\u00e1rios, organizados por sindicatos da categoria\u00a0<a href=\"https:\/\/web.facebook.com\/media\/set\/?set=a.5221795251166801&amp;type=3\" target=\"_blank\" rel=\"noopener noreferrer\">de todo o pa\u00eds<\/a>, realizaram, nesta ter\u00e7a-feira (7) um Dia Nacional de Luta em defesa do Banco do Brasil, da Caixa Econ\u00f4mica Federal e de seus empregados.<\/p>\n<p>O Sindicato dos Banc\u00e1rios da Baixada Fluminense participou do tuita\u00e7o que ocorreu na rede social.<\/p>\n<p>\u201cNosso principal objetivo foi o de denunciar as prec\u00e1rias condi\u00e7\u00f5es de trabalho em ambos os bancos, que reduzem o quadro de pessoal, sobrecarregam os trabalhadores, estabelecem metas desumanas, abusivas, e promovem o ass\u00e9dio institucional, o que acaba levando muitos ao adoecimento\u201d, disse a coordenadora do Grupo de Trabalho de Defesa dos Bancos P\u00fablicos e secret\u00e1ria de Juventude da Confedera\u00e7\u00e3o Nacional dos Trabalhadores do Ramo Financeiro (Contraf-CUT), Fernanda Lopes. \u201cMas, tamb\u00e9m mostrar que toda esta situa\u00e7\u00e3o acaba por prejudicar o atendimento \u00e0 popula\u00e7\u00e3o e exigir mais contrata\u00e7\u00f5es, para repor o quadro, reduzir a sobrecarga de trabalho e melhorar o atendimento \u00e0 popula\u00e7\u00e3o\u201d, completou Fernanda, que tamb\u00e9m \u00e9 funcion\u00e1ria do BB e representa a Contraf-CUT nas negocia\u00e7\u00f5es com o banco.<\/p>\n<p>Nos \u00faltimos anos, tanto a Caixa quanto o Banco do Brasil v\u00eam sofrendo com a redu\u00e7\u00e3o de pessoal, fechamento de ag\u00eancias e a venda de \u00e1reas importantes e altamente lucrativas para a iniciativa privada, o que prejudica o atendimento di\u00e1rio \u00e0 popula\u00e7\u00e3o, mas sobretudo a atua\u00e7\u00e3o dos bancos como um todo.<\/p>\n<h3>Falta de reconhecimento<\/h3>\n<p>A coordenadora da Comiss\u00e3o Executiva dos Empregados (CEE) da Caixa, Fabiana Uehara Proscholdt, ressaltou a falta de reconhecimento do trabalho realizado pelos trabalhadores. \u201cA falta de reconhecimento \u00e9 um ponto comum em todos os bancos e, mais do que isso, por todos os patr\u00f5es\u201d, observou. Ela ressaltou, por\u00e9m, que a Caixa implantou, sem negocia\u00e7\u00e3o com as representa\u00e7\u00f5es sindicais, uma ferramenta chamada de \u201ccurva for\u00e7ada\u201d que, independente do resultado obtido, classifica 5% dos empregados como \u201cn\u00e3o atende\u201d. \u201cEles s\u00e3o punidos com a n\u00e3o evolu\u00e7\u00e3o no plano de cargos e sal\u00e1rios (PCS), por exemplo, o que significa perda de remunera\u00e7\u00e3o e de possibilidade de evolu\u00e7\u00e3o na carreira\u201d, explicou Fabiana, que tamb\u00e9m \u00e9 secret\u00e1ria de Cultura da Contraf-CUT.<\/p>\n<h3>Cartas \u00e0 popula\u00e7\u00e3o<\/h3>\n<p>Durante as atividades de rua, foram entregues duas cartas abertas direcionadas \u00e0 popula\u00e7\u00e3o, para explicar os motivos das manifesta\u00e7\u00f5es.<\/p>\n<p>\u201cA reestrutura\u00e7\u00e3o,\u00a0<a href=\"https:\/\/contrafcut.com.br\/noticias\/mais-uma-vez-funcionarios-sao-informados-pela-imprensa-sobre-reestruturacao-no-b-ff94\" target=\"_blank\" rel=\"noopener noreferrer\">em andamento desde o in\u00edcio do ano<\/a>, reduziu significativamente o n\u00famero de funcion\u00e1rios e de unidades, sobrecarregando de trabalho os funcion\u00e1rios. O banco precisa reverter este cen\u00e1rio, em benef\u00edcio do melhor atendimento, diminui\u00e7\u00e3o das filas e da aglomera\u00e7\u00e3o que aumenta o risco de cont\u00e1gio por Covid-19\u201d, diz um trecho da\u00a0<a href=\"https:\/\/contrafcut.com.br\/wp-content\/uploads\/2021\/12\/carta-aberta-bb-712.pdf\" target=\"_blank\" rel=\"noopener noreferrer\">carta aberta dos funcion\u00e1rios do BB<\/a>.<\/p>\n<p>\u201cA popula\u00e7\u00e3o sempre teve na Caixa o apoio para o recebimento dos benef\u00edcios dos programas sociais do governo. O atendimento \u00e0 popula\u00e7\u00e3o infelizmente \u00e9 prec\u00e1rio. A verdade \u00e9 que isso n\u00e3o \u00e9 culpa dos empregados. Um verdadeiro desmonte do banco est\u00e1 acontecendo e sendo promovido pelo governo Bolsonaro e pelos gestores do banco indicados pelo governo\u201d, afirma um trecho da\u00a0<a href=\"https:\/\/contrafcut.com.br\/wp-content\/uploads\/2021\/12\/carta-aberta-a4-caixa-biro.pdf\" target=\"_blank\" rel=\"noopener noreferrer\">carta aberta dos empregados da Caixa<\/a>.<\/p>\n<h3>Redes sociais<\/h3>\n<p>Al\u00e9m das atividades de rua, as redes sociais tamb\u00e9m foram \u201cinvadidas\u201d pela hashtag #ProcuramosNoBBeCaixa para denunciar a falta de condi\u00e7\u00f5es de trabalho nos maiores bancos p\u00fablicos do pa\u00eds.<\/p>\n<p>\u201cA ideia foi a de mostrarmos que o respeito e a valoriza\u00e7\u00e3o dos trabalhadores \u00e9 cada vez mais um artigo raro nos bancos p\u00fablicos, assim como est\u00e1 ficando raro encontrar empregados para realizar o atendimento que a popula\u00e7\u00e3o merece\u201d, disse a coordenadora da CEE\/Caixa. \u201cO que sobra \u00e9 mesa vazia, \u00e9 ass\u00e9dio dos gestores aos seus subordinados, \u00e9 cobran\u00e7a de metas abusivas\u201d, completou.<\/p>\n<h3>A luta continua<\/h3>\n<p>Fabiana disse ainda que as atividades realizadas nesta ter\u00e7a-feira devem continuar at\u00e9 que o banco reconsidere a posi\u00e7\u00e3o de querer implementar a \u201ccurva for\u00e7ada\u201d no programa de Gest\u00e3o de Desempenho de Pessoas (GDP), que j\u00e1 recebia cr\u00edtica dos empregados mesmo antes do acr\u00e9scimo da \u201ccurva for\u00e7ada\u201d. \u201cA GDP, que tamb\u00e9m foi implementada sem negocia\u00e7\u00e3o com os empregados, j\u00e1 era ruim pois se utiliza de crit\u00e9rios subjetivos para avaliar o desempenho dos trabalhadores. Mas, com esse novo mecanismo implementado, se torna inaceit\u00e1vel. Trata-se de uma ferramenta anacr\u00f4nica, que foi aposentada at\u00e9 pelas empresas privadas nos anos 1980, por n\u00e3o ser capaz de levar ao desenvolvimento profissional e de desempenho das pessoas. E, pior do que isso,\u00a0<a href=\"https:\/\/contrafcut.com.br\/noticias\/confirmado-gdp-da-caixa-visa-forcar-mudanca-de-cultura\" target=\"_blank\" rel=\"noopener noreferrer\">o banco confessou<\/a>\u00a0que decidiu us\u00e1-la para fazer com que os gestores avaliem os empregados sem serem t\u00e3o \u2018bonzinhos\u2019\u201d, completou a coordenadora da CEE\/Caixa.<\/p>\n","protected":false},"excerpt":{"rendered":"<p>Banc\u00e1rias e banc\u00e1rios, organizados por sindicatos da categoria\u00a0de todo o pa\u00eds, realizaram, nesta ter\u00e7a-feira (7) um Dia Nacional de Luta em defesa do Banco do Brasil, da Caixa Econ\u00f4mica Federal e de seus empregados. O Sindicato dos Banc\u00e1rios da Baixada Fluminense participou do tuita\u00e7o que ocorreu na rede social. \u201cNosso principal objetivo foi o de [&hellip;]<\/p>\n","protected":false},"author":2,"featured_media":11866,"comment_status":"","ping_status":"","sticky":false,"template":"","format":"standard","meta":{"footnotes":""},"categories":[3],"tags":[],"class_list":["post-11867","post","type-post","status-publish","format-standard","has-post-thumbnail","hentry","category-noticias"],"_links":{"self":[{"href":"https:\/\/hostnetart.com.br\/baixada\/wp-json\/wp\/v2\/posts\/11867","targetHints":{"allow":["GET"]}}],"collection":[{"href":"https:\/\/hostnetart.com.br\/baixada\/wp-json\/wp\/v2\/posts"}],"about":[{"href":"https:\/\/hostnetart.com.br\/baixada\/wp-json\/wp\/v2\/types\/post"}],"author":[{"embeddable":true,"href":"https:\/\/hostnetart.com.br\/baixada\/wp-json\/wp\/v2\/users\/2"}],"replies":[{"embeddable":true,"href":"https:\/\/hostnetart.com.br\/baixada\/wp-json\/wp\/v2\/comments?post=11867"}],"version-history":[{"count":0,"href":"https:\/\/hostnetart.com.br\/baixada\/wp-json\/wp\/v2\/posts\/11867\/revisions"}],"wp:featuredmedia":[{"embeddable":true,"href":"https:\/\/hostnetart.com.br\/baixada\/wp-json\/wp\/v2\/media\/11866"}],"wp:attachment":[{"href":"https:\/\/hostnetart.com.br\/baixada\/wp-json\/wp\/v2\/media?parent=11867"}],"wp:term":[{"taxonomy":"category","embeddable":true,"href":"https:\/\/hostnetart.com.br\/baixada\/wp-json\/wp\/v2\/categories?post=11867"},{"taxonomy":"post_tag","embeddable":true,"href":"https:\/\/hostnetart.com.br\/baixada\/wp-json\/wp\/v2\/tags?post=11867"}],"curies":[{"name":"wp","href":"https:\/\/api.w.org\/{rel}","templated":true}]}}