{"id":11863,"date":"2021-12-06T21:59:08","date_gmt":"2021-12-07T00:59:08","guid":{"rendered":"https:\/\/hostnetart.com.br\/baixada\/bb-tem-ate-esta-terca-7-para-se-pronunciar-sobre-trabalho-presencial-do-grupo-de-risco\/"},"modified":"2021-12-06T21:59:08","modified_gmt":"2021-12-07T00:59:08","slug":"bb-tem-ate-esta-terca-7-para-se-pronunciar-sobre-trabalho-presencial-do-grupo-de-risco","status":"publish","type":"post","link":"https:\/\/hostnetart.com.br\/baixada\/bb-tem-ate-esta-terca-7-para-se-pronunciar-sobre-trabalho-presencial-do-grupo-de-risco\/","title":{"rendered":"BB tem at\u00e9 esta ter\u00e7a (7) para se pronunciar sobre trabalho presencial do grupo de risco"},"content":{"rendered":"<p>O Minist\u00e9rio P\u00fablico do Trabalho da 10\u00ba Regi\u00e3o determinou que o Banco do Brasil tem at\u00e9 esta ter\u00e7a-feira (7) para se pronunciar sobre o retorno ao trabalho presencial de empregados e empregadas com comorbidades que as colocam em grupos de risco em caso de cont\u00e1gio pelo novo coronav\u00edrus.<\/p>\n<p>Ap\u00f3s ser acionado pelo Sindicato dos Banc\u00e1rios de Bras\u00edlia, em 26 de novembro, o MPT convocou o Banco do Brasil e as representa\u00e7\u00f5es dos trabalhadores, Sindicato e Confedera\u00e7\u00e3o Nacional dos Trabalhadores do Ramo Financeiro (Contraf-CUT) em audi\u00eancia que ocorreu na tarde da \u00faltima sexta-feira (3).<\/p>\n<p>\u201cHouve [no in\u00edcio da media\u00e7\u00e3o] uma proposta para que fosse suspensa, imediatamente, a exig\u00eancia do retorno dos empregados em grupo de risco, que j\u00e1 informaram ao banco que n\u00e3o possuem condi\u00e7\u00f5es m\u00e9dicas e apresentaram um laudo mostrando o risco de retorno ao trabalho presencial\u201d, explicou a assessora jur\u00eddica da Contraf-CUT, Renata Cabral, s\u00f3cia do escrit\u00f3rio Crivelli Advogados.<\/p>\n<p>\u201cO banco, na oportunidade, disse que esta quest\u00e3o estava sendo alvo de negocia\u00e7\u00e3o com a Contraf-CUT e sindicatos. Ent\u00e3o, considerando que o tema seria tratado durante a semana, o Minist\u00e9rio P\u00fablico do Trabalho concedeu o prazo de at\u00e9 7 de dezembro para o banco se pronunciar sobre o tema\u201d, completou.<\/p>\n<h3>BB cancelou encontro com CEBB<\/h3>\n<p>At\u00e9 o momento, entretanto, o Banco do Brasil ainda n\u00e3o se reuniu com os representantes dos trabalhadores. Na quinta-feira (2), um dia antes da audi\u00eancia com o MPT, era para ter acontecido uma reuni\u00e3o entre a Comiss\u00e3o de Empresa dos Funcion\u00e1rios do Banco do Brasil (CEBB) e o banco, sobre o retorno do grupo de risco ao trabalho presencial e a implementa\u00e7\u00e3o do acordo de teletrabalho, mas o banco cancelou o encontro.<\/p>\n<p>\u201cO banco informou que o assunto est\u00e1 sendo tratado em mesa de negocia\u00e7\u00e3o, entretanto a nova data ainda n\u00e3o foi agendada. A reuni\u00e3o precisa acontecer o quanto antes, cada dia no trabalho presencial representa um grande risco para essas pessoas\u201d, pontuou Fernanda Lopes, secret\u00e1ria de Juventude e representante da Contraf-CUT nas negocia\u00e7\u00f5es com o BB. \u201cOs sindicatos e a Contraf-CUT defendem a continuidade do trabalho remoto para as trabalhadoras e trabalhadores do grupo de risco e com comorbidade, mediante laudo m\u00e9dico indicando risco \u00e0 sa\u00fade\u201d, completou.<\/p>\n<p>Tamb\u00e9m na audi\u00eancia, o MPT se posicionou no sentido de o banco suspender as convoca\u00e7\u00f5es do grupo de risco e tamb\u00e9m revogar a situa\u00e7\u00e3o de trabalho presencial, com base em laudos dos m\u00e9dicos assistentes com recomenda\u00e7\u00e3o de retorno ao trabalho remoto.<\/p>\n<p>O BB informou em comunicado que a meta \u00e9 de, at\u00e9 o final do dezembro, n\u00e3o ter mais nenhum funcion\u00e1rio em home office, mesmo diante da confirma\u00e7\u00e3o da chegada ao Brasil de uma nova variante da Covid-19.<\/p>\n<h3>Orienta\u00e7\u00e3o<\/h3>\n<p>A Contraf-CUT e os sindicatos orientam que as funcion\u00e1rias e os funcion\u00e1rios com comorbidades procurem seus m\u00e9dicos para a emiss\u00e3o de laudo dizendo se podem ou n\u00e3o retornar \u00e0s atividades presenciais. Em caso negativo do m\u00e9dico, o laudo deve ser encaminhado ao BB.<\/p>\n<p><strong>Fonte: Contraf-CUT<\/strong><\/p>\n","protected":false},"excerpt":{"rendered":"<p>O Minist\u00e9rio P\u00fablico do Trabalho da 10\u00ba Regi\u00e3o determinou que o Banco do Brasil tem at\u00e9 esta ter\u00e7a-feira (7) para se pronunciar sobre o retorno ao trabalho presencial de empregados e empregadas com comorbidades que as colocam em grupos de risco em caso de cont\u00e1gio pelo novo coronav\u00edrus. Ap\u00f3s ser acionado pelo Sindicato dos Banc\u00e1rios [&hellip;]<\/p>\n","protected":false},"author":2,"featured_media":11862,"comment_status":"","ping_status":"","sticky":false,"template":"","format":"standard","meta":{"footnotes":""},"categories":[3],"tags":[],"class_list":["post-11863","post","type-post","status-publish","format-standard","has-post-thumbnail","hentry","category-noticias"],"_links":{"self":[{"href":"https:\/\/hostnetart.com.br\/baixada\/wp-json\/wp\/v2\/posts\/11863","targetHints":{"allow":["GET"]}}],"collection":[{"href":"https:\/\/hostnetart.com.br\/baixada\/wp-json\/wp\/v2\/posts"}],"about":[{"href":"https:\/\/hostnetart.com.br\/baixada\/wp-json\/wp\/v2\/types\/post"}],"author":[{"embeddable":true,"href":"https:\/\/hostnetart.com.br\/baixada\/wp-json\/wp\/v2\/users\/2"}],"replies":[{"embeddable":true,"href":"https:\/\/hostnetart.com.br\/baixada\/wp-json\/wp\/v2\/comments?post=11863"}],"version-history":[{"count":0,"href":"https:\/\/hostnetart.com.br\/baixada\/wp-json\/wp\/v2\/posts\/11863\/revisions"}],"wp:featuredmedia":[{"embeddable":true,"href":"https:\/\/hostnetart.com.br\/baixada\/wp-json\/wp\/v2\/media\/11862"}],"wp:attachment":[{"href":"https:\/\/hostnetart.com.br\/baixada\/wp-json\/wp\/v2\/media?parent=11863"}],"wp:term":[{"taxonomy":"category","embeddable":true,"href":"https:\/\/hostnetart.com.br\/baixada\/wp-json\/wp\/v2\/categories?post=11863"},{"taxonomy":"post_tag","embeddable":true,"href":"https:\/\/hostnetart.com.br\/baixada\/wp-json\/wp\/v2\/tags?post=11863"}],"curies":[{"name":"wp","href":"https:\/\/api.w.org\/{rel}","templated":true}]}}