{"id":11861,"date":"2021-12-06T21:55:22","date_gmt":"2021-12-07T00:55:22","guid":{"rendered":"https:\/\/hostnetart.com.br\/baixada\/bancarios-protestam-por-melhores-condicoes-de-trabalho\/"},"modified":"2021-12-06T21:55:22","modified_gmt":"2021-12-07T00:55:22","slug":"bancarios-protestam-por-melhores-condicoes-de-trabalho","status":"publish","type":"post","link":"https:\/\/hostnetart.com.br\/baixada\/bancarios-protestam-por-melhores-condicoes-de-trabalho\/","title":{"rendered":"Banc\u00e1rios protestam por melhores condi\u00e7\u00f5es de trabalho"},"content":{"rendered":"<p>Banc\u00e1rias e banc\u00e1rios da Caixa Econ\u00f4mica Federal e do Banco do Brasil convocam para esta ter\u00e7a-feira (7), um Dia Nacional de Luta em defesa dos bancos p\u00fablicos e de seus empregados. Os trabalhadores exigem melhores condi\u00e7\u00f5es de trabalho, fim de metas desumanas, abusivas e do ass\u00e9dio institucional e mais contrata\u00e7\u00f5es para reduzir a sobrecarga de trabalho e melhorar o atendimento \u00e0 popula\u00e7\u00e3o.<\/p>\n<p>Nos \u00faltimos anos, tanto a Caixa quanto o Banco do Brasil v\u00eam sofrendo com a redu\u00e7\u00e3o de pessoal, fechamento de ag\u00eancias e a venda de \u00e1reas importantes e altamente lucrativas para a iniciativa privada, o que prejudica o atendimento di\u00e1rio \u00e0 popula\u00e7\u00e3o, mas sobretudo a atua\u00e7\u00e3o dos bancos como um todo.<\/p>\n<p>Em janeiro de 2021, a atual gest\u00e3o do Banco do Brasil deu in\u00edcio a mais um plano de desmonte do Banco do Brasil, chamado de \u201creestrutura\u00e7\u00e3o\u201d, que promete o fechamento de mais de 360 unidades, desligamento de 7 mil funcion\u00e1rios e venda de subsidi\u00e1rias. Em rela\u00e7\u00e3o \u00e0 Caixa, o governo articula a privatiza\u00e7\u00e3o das loterias e quer abrir o capital do banco. Paralelo ao desmonte, os trabalhadores que continuam nos bancos s\u00e3o submetidos \u00e0 sobrecarga de trabalho e a metas abusivas.<\/p>\n<p>\u201cO foco central das atividades \u00e9 a falta de condi\u00e7\u00f5es de trabalho. Particularmente, na Caixa, n\u00f3s chamamos a aten\u00e7\u00e3o para o ass\u00e9dio institucional, combate \u00e0s metas abusivas e o sucateamento do banco, mesmo ap\u00f3s ele ter mostrado sua grande import\u00e2ncia para o pa\u00eds durante a pandemia e em momentos de crises\u201d, destacou a coordenadora da Comiss\u00e3o Executiva dos Empregados (CEE) da Caixa, Fabiana Uehara Proscholdt, que tamb\u00e9m \u00e9 secret\u00e1ria da Cultura da Confedera\u00e7\u00e3o Nacional dos Trabalhadores do Ramo Financeiro (Contraf-CUT).<\/p>\n<p>\u201cNo Banco do Brasil, tamb\u00e9m reivindicamos melhores condi\u00e7\u00f5es de trabalho, o fim das metas abusivas e mais contrata\u00e7\u00f5es\u201d, completou Fernanda Lopes, secret\u00e1ria de Juventude e representante da Contraf-CUT nas negocia\u00e7\u00f5es com o BB.<\/p>\n<h3>Redes sociais<\/h3>\n<p>Al\u00e9m das atividades de rua, a partir das 11h, tamb\u00e9m desta ter\u00e7a-feira (7), ser\u00e1 realizado um tuita\u00e7o denunciando a falta de condi\u00e7\u00f5es de trabalho nos maiores bancos p\u00fablicos do pa\u00eds, com a hashtag #ProcuramosNoBBeCaixa.<\/p>\n<p>\u201cA ideia \u00e9 mostrarmos que o respeito e a valoriza\u00e7\u00e3o dos trabalhadores \u00e9 cada vez mais um artigo raro nos bancos p\u00fablicos, assim como est\u00e1 ficando raro encontrar empregados para realizar o atendimento que a popula\u00e7\u00e3o merece\u201d, disse a coordenadora da CEE\/Caixa. \u201cO que sobra \u00e9 mesa vazia, \u00e9 ass\u00e9dio dos gestores aos seus subordinados, \u00e9 cobran\u00e7a de metas abusivas\u201d, completou.<\/p>\n<h3>Cartas \u00e0 popula\u00e7\u00e3o<\/h3>\n<p>Os banc\u00e1rios e banc\u00e1rias da Caixa e do Banco do Brasil prepararam, ainda, cartas abertas direcionadas para a popula\u00e7\u00e3o. \u201cA reestrutura\u00e7\u00e3o, em andamento desde o in\u00edcio do ano, reduziu significativamente o n\u00famero de funcion\u00e1rios e de unidades, sobrecarregando de trabalho os funcion\u00e1rios. O banco precisa reverter este cen\u00e1rio, em benef\u00edcio do melhor atendimento, diminui\u00e7\u00e3o das filas e da aglomera\u00e7\u00e3o que aumenta o risco de cont\u00e1gio por Covid-19\u201d, diz um trecho da\u00a0<a href=\"https:\/\/contrafcut.com.br\/wp-content\/uploads\/2021\/12\/carta-aberta-bb-712.pdf\" target=\"_blank\" rel=\"noopener noreferrer\">carta aberta dos funcion\u00e1rios do BB.<\/a><\/p>\n<p>\u201cA popula\u00e7\u00e3o sempre teve na Caixa o apoio para o recebimento dos benef\u00edcios dos programas sociais do governo. O atendimento \u00e0 popula\u00e7\u00e3o infelizmente \u00e9 prec\u00e1rio. A verdade \u00e9 que isso n\u00e3o \u00e9 culpa dos empregados. Um verdadeiro desmonte do banco est\u00e1 acontecendo e sendo promovido pelo governo Bolsonaro e pelos gestores do banco indicados pelo governo\u201d, afirma um trecho da\u00a0<a href=\"https:\/\/contrafcut.com.br\/wp-content\/uploads\/2021\/12\/carta-aberta-a4-caixa-biro.pdf\" target=\"_blank\" rel=\"noopener noreferrer\">carta aberta dos empregados da Caixa<\/a>.<\/p>\n<p>Leia a \u00edntegra das cartas abertas e ajude a denunciar a situa\u00e7\u00e3o apontadas por elas participando do tuita\u00e7o, nesta ter\u00e7a-feira, a partir das 11h, ou nos atos que acontecer\u00e3o nas ag\u00eancias e unidades administrativas dos dois bancos.<\/p>\n<p><strong>Fonte: Contraf-CUT<\/strong><\/p>\n","protected":false},"excerpt":{"rendered":"<p>Banc\u00e1rias e banc\u00e1rios da Caixa Econ\u00f4mica Federal e do Banco do Brasil convocam para esta ter\u00e7a-feira (7), um Dia Nacional de Luta em defesa dos bancos p\u00fablicos e de seus empregados. Os trabalhadores exigem melhores condi\u00e7\u00f5es de trabalho, fim de metas desumanas, abusivas e do ass\u00e9dio institucional e mais contrata\u00e7\u00f5es para reduzir a sobrecarga de [&hellip;]<\/p>\n","protected":false},"author":2,"featured_media":11860,"comment_status":"","ping_status":"","sticky":false,"template":"","format":"standard","meta":{"footnotes":""},"categories":[3],"tags":[],"class_list":["post-11861","post","type-post","status-publish","format-standard","has-post-thumbnail","hentry","category-noticias"],"_links":{"self":[{"href":"https:\/\/hostnetart.com.br\/baixada\/wp-json\/wp\/v2\/posts\/11861","targetHints":{"allow":["GET"]}}],"collection":[{"href":"https:\/\/hostnetart.com.br\/baixada\/wp-json\/wp\/v2\/posts"}],"about":[{"href":"https:\/\/hostnetart.com.br\/baixada\/wp-json\/wp\/v2\/types\/post"}],"author":[{"embeddable":true,"href":"https:\/\/hostnetart.com.br\/baixada\/wp-json\/wp\/v2\/users\/2"}],"replies":[{"embeddable":true,"href":"https:\/\/hostnetart.com.br\/baixada\/wp-json\/wp\/v2\/comments?post=11861"}],"version-history":[{"count":0,"href":"https:\/\/hostnetart.com.br\/baixada\/wp-json\/wp\/v2\/posts\/11861\/revisions"}],"wp:featuredmedia":[{"embeddable":true,"href":"https:\/\/hostnetart.com.br\/baixada\/wp-json\/wp\/v2\/media\/11860"}],"wp:attachment":[{"href":"https:\/\/hostnetart.com.br\/baixada\/wp-json\/wp\/v2\/media?parent=11861"}],"wp:term":[{"taxonomy":"category","embeddable":true,"href":"https:\/\/hostnetart.com.br\/baixada\/wp-json\/wp\/v2\/categories?post=11861"},{"taxonomy":"post_tag","embeddable":true,"href":"https:\/\/hostnetart.com.br\/baixada\/wp-json\/wp\/v2\/tags?post=11861"}],"curies":[{"name":"wp","href":"https:\/\/api.w.org\/{rel}","templated":true}]}}