{"id":1186,"date":"2014-05-09T00:00:00","date_gmt":"2014-05-09T03:00:00","guid":{"rendered":"https:\/\/hostnetart.com.br\/baixada\/contraf-cut-discute-bancarizacao-de-trabalhadores-com-itau-no-dia-13\/"},"modified":"2014-05-09T00:00:00","modified_gmt":"2014-05-09T03:00:00","slug":"contraf-cut-discute-bancarizacao-de-trabalhadores-com-itau-no-dia-13","status":"publish","type":"post","link":"https:\/\/hostnetart.com.br\/baixada\/contraf-cut-discute-bancarizacao-de-trabalhadores-com-itau-no-dia-13\/","title":{"rendered":"Contraf-CUT discute bancariza\u00e7\u00e3o de trabalhadores com Ita\u00fa no dia 13"},"content":{"rendered":"<p>A Contraf-CUT, federa\u00e7\u00f5es e sindicatos se re\u00fanem na pr\u00f3xima ter\u00e7a-feira (13), \u00e0s 10 horas, com a dire\u00e7\u00e3o do Ita\u00fa para discutir a bancariza\u00e7\u00e3o dos trabalhadores da \u00e1rea de financiamento de ve\u00edculos, a Fin\u00e1ustria. Trata-se de um setor do banco que possui 1.829 empregados em todo o pa\u00eds. A negocia\u00e7\u00e3o ocorrer\u00e1 na sede da Confedera\u00e7\u00e3o, no centro de S\u00e3o Paulo.<\/p>\n<p>\u201cEsperamos que o banco apresente uma proposta que garanta todos os direitos previstos na conven\u00e7\u00e3o coletiva de trabalho dos banc\u00e1rios para esses trabalhadores\u201d, afirma o funcion\u00e1rio do banco e presidente da Contraf-CUT, Carlos Cordeiro.<\/p>\n<p>Fonte: Contraf-CUT<\/p>\n","protected":false},"excerpt":{"rendered":"<p>A Contraf-CUT, federa\u00e7\u00f5es e sindicatos se re\u00fanem na pr\u00f3xima ter\u00e7a-feira (13), \u00e0s 10 horas, com a dire\u00e7\u00e3o do Ita\u00fa para discutir a bancariza\u00e7\u00e3o dos trabalhadores da \u00e1rea de financiamento de ve\u00edculos, a Fin\u00e1ustria. Trata-se de um setor do banco que possui 1.829 empregados em todo o pa\u00eds. A negocia\u00e7\u00e3o ocorrer\u00e1 na sede da Confedera\u00e7\u00e3o, no [&hellip;]<\/p>\n","protected":false},"author":1,"featured_media":0,"comment_status":"","ping_status":"","sticky":false,"template":"","format":"standard","meta":{"footnotes":""},"categories":[3],"tags":[],"class_list":["post-1186","post","type-post","status-publish","format-standard","hentry","category-noticias"],"_links":{"self":[{"href":"https:\/\/hostnetart.com.br\/baixada\/wp-json\/wp\/v2\/posts\/1186","targetHints":{"allow":["GET"]}}],"collection":[{"href":"https:\/\/hostnetart.com.br\/baixada\/wp-json\/wp\/v2\/posts"}],"about":[{"href":"https:\/\/hostnetart.com.br\/baixada\/wp-json\/wp\/v2\/types\/post"}],"author":[{"embeddable":true,"href":"https:\/\/hostnetart.com.br\/baixada\/wp-json\/wp\/v2\/users\/1"}],"replies":[{"embeddable":true,"href":"https:\/\/hostnetart.com.br\/baixada\/wp-json\/wp\/v2\/comments?post=1186"}],"version-history":[{"count":0,"href":"https:\/\/hostnetart.com.br\/baixada\/wp-json\/wp\/v2\/posts\/1186\/revisions"}],"wp:attachment":[{"href":"https:\/\/hostnetart.com.br\/baixada\/wp-json\/wp\/v2\/media?parent=1186"}],"wp:term":[{"taxonomy":"category","embeddable":true,"href":"https:\/\/hostnetart.com.br\/baixada\/wp-json\/wp\/v2\/categories?post=1186"},{"taxonomy":"post_tag","embeddable":true,"href":"https:\/\/hostnetart.com.br\/baixada\/wp-json\/wp\/v2\/tags?post=1186"}],"curies":[{"name":"wp","href":"https:\/\/api.w.org\/{rel}","templated":true}]}}