{"id":11857,"date":"2021-12-06T17:54:58","date_gmt":"2021-12-06T20:54:58","guid":{"rendered":"https:\/\/hostnetart.com.br\/baixada\/duque-de-caxias-e-nova-iguacu-no-rj-tem-aumento-de-ate-300-dos-casos-da-gripe-h3n2\/"},"modified":"2021-12-06T17:54:58","modified_gmt":"2021-12-06T20:54:58","slug":"duque-de-caxias-e-nova-iguacu-no-rj-tem-aumento-de-ate-300-dos-casos-da-gripe-h3n2","status":"publish","type":"post","link":"https:\/\/hostnetart.com.br\/baixada\/duque-de-caxias-e-nova-iguacu-no-rj-tem-aumento-de-ate-300-dos-casos-da-gripe-h3n2\/","title":{"rendered":"Duque de Caxias e Nova Igua\u00e7u, no RJ, t\u00eam aumento de at\u00e9 300% dos casos da gripe H3N2"},"content":{"rendered":"<p>O surto da gripe causada pelo\u00a0<a href=\"https:\/\/www.brasildefatorj.com.br\/2021\/11\/25\/rio-registra-mais-de-6-5-mil-casos-de-gripe-h3n2-em-apenas-uma-semana\" target=\"_blank\" rel=\"noopener noreferrer\">v\u00edrus Influenza A (H3N2) que atingiu o Rio na semana passada<\/a>\u00a0chegou aos munic\u00edpios de Duque de Caxias e Nova Igua\u00e7u, na Baixada Fluminense. Na \u00faltima sexta-feira (3), diversas Unidades de Pronto Atendimento (UPA) de Caxias estavam lotadas e com filas para atendimento.<\/p>\n<p><strong>Leia mais:<\/strong>\u00a0<a href=\"https:\/\/www.brasildefatorj.com.br\/2021\/12\/03\/rio-de-janeiro-esta-entre-os-estados-com-maior-crescimento-dos-casos-de-srag\" target=\"_blank\" rel=\"noopener noreferrer\">Rio de Janeiro est\u00e1 entre os estados com maior crescimento dos casos de SRAG<\/a><\/p>\n<p>Segundo a Prefeitura de Caxias, o aumento registrado nas unidades de atendimento chegou a 300%. O estoque de vacinas da gripe \u00e9 baixo e deve durar s\u00f3 at\u00e9 este fim de semana. No munic\u00edpio, a taxa de vacina\u00e7\u00e3o contra o v\u00edrus da gripe \u00e9 considerada baixa. Menos de 50% do p\u00fablico alvo (crian\u00e7as, gestantes e idosos) est\u00e1 imunizado.<\/p>\n<p>Em Nova Igua\u00e7u, o estoque tamb\u00e9m \u00e9 baixo e deve durar s\u00f3 at\u00e9 s\u00e1bado (4), caso n\u00e3o haja novos abastecimentos do imunizante.<\/p>\n<p><strong>Leia tamb\u00e9m:<\/strong>\u00a0<a href=\"https:\/\/www.brasildefatorj.com.br\/2021\/12\/03\/caso-suspeito-de-variante-omicron-e-descartado-no-rio-de-janeiro\" target=\"_blank\" rel=\"noopener noreferrer\">Caso suspeito de variante \u00d4micron \u00e9 descartado no Rio de Janeiro<\/a><\/p>\n<p>Na \u00faltima quinta-feira (2), o secret\u00e1rio estadual de Sa\u00fade,\u00a0Alexandre Chieppe, afirmou que o governo estadual est\u00e1 instalando tendas de atendimento anexas ao Hospital Getulio Vargas, na Penha, zona norte do Rio, e vai refor\u00e7ar as equipes em todas as UPAs de gest\u00e3o estadual para diminuir o tempo de espera nesses locais.<\/p>\n<p>Nas redes sociais, Chieppe alertou a popula\u00e7\u00e3o para que mantenha os cuidados que vinham sendo tomados em decorr\u00eancia da pandemia da covid-19. Usar m\u00e1scaras, lavar corretamente as m\u00e3os e evitar lugares fechados e com aglomera\u00e7\u00e3o fazem parte da preven\u00e7\u00e3o \u00e0 covid e \u00e1 gripe.<\/p>\n<p class=\"ckeditor-subtitle\">Capital<\/p>\n<p>Na semana passada, o Rio registrou mais de 6.500 casos da gripe H3N2 em apenas uma semana. Um relat\u00f3rio da Funda\u00e7\u00e3o Oswaldo Cruz (Fiocruz) divulgado na \u00faltima quinta-feira (2) apontou que\u00a0<a href=\"https:\/\/www.brasildefatorj.com.br\/2021\/12\/03\/rio-de-janeiro-esta-entre-os-estados-com-maior-crescimento-dos-casos-de-srag\" target=\"_blank\" rel=\"noopener noreferrer\">o estado do Rio tem uma das maiores taxas de S\u00edndrome Respirat\u00f3ria Aguda Grave (SRAG)<\/a>\u00a0em\u00a0crian\u00e7as e jovens adultos no Brasil.<\/p>\n<p><strong>Fonte:\u00a0<\/strong><a href=\"https:\/\/www.brasildefatorj.com.br\/2021\/12\/03\/caxias-e-nova-iguacu-no-rj-tem-aumento-de-ate-300-dos-casos-da-gripe-h2n3\" target=\"_blank\" rel=\"noopener noreferrer\">BdF Rio de Janeiro<\/a><\/p>\n","protected":false},"excerpt":{"rendered":"<p>O surto da gripe causada pelo\u00a0v\u00edrus Influenza A (H3N2) que atingiu o Rio na semana passada\u00a0chegou aos munic\u00edpios de Duque de Caxias e Nova Igua\u00e7u, na Baixada Fluminense. Na \u00faltima sexta-feira (3), diversas Unidades de Pronto Atendimento (UPA) de Caxias estavam lotadas e com filas para atendimento. Leia mais:\u00a0Rio de Janeiro est\u00e1 entre os estados [&hellip;]<\/p>\n","protected":false},"author":2,"featured_media":11856,"comment_status":"","ping_status":"","sticky":false,"template":"","format":"standard","meta":{"footnotes":""},"categories":[3],"tags":[],"class_list":["post-11857","post","type-post","status-publish","format-standard","has-post-thumbnail","hentry","category-noticias"],"_links":{"self":[{"href":"https:\/\/hostnetart.com.br\/baixada\/wp-json\/wp\/v2\/posts\/11857","targetHints":{"allow":["GET"]}}],"collection":[{"href":"https:\/\/hostnetart.com.br\/baixada\/wp-json\/wp\/v2\/posts"}],"about":[{"href":"https:\/\/hostnetart.com.br\/baixada\/wp-json\/wp\/v2\/types\/post"}],"author":[{"embeddable":true,"href":"https:\/\/hostnetart.com.br\/baixada\/wp-json\/wp\/v2\/users\/2"}],"replies":[{"embeddable":true,"href":"https:\/\/hostnetart.com.br\/baixada\/wp-json\/wp\/v2\/comments?post=11857"}],"version-history":[{"count":0,"href":"https:\/\/hostnetart.com.br\/baixada\/wp-json\/wp\/v2\/posts\/11857\/revisions"}],"wp:featuredmedia":[{"embeddable":true,"href":"https:\/\/hostnetart.com.br\/baixada\/wp-json\/wp\/v2\/media\/11856"}],"wp:attachment":[{"href":"https:\/\/hostnetart.com.br\/baixada\/wp-json\/wp\/v2\/media?parent=11857"}],"wp:term":[{"taxonomy":"category","embeddable":true,"href":"https:\/\/hostnetart.com.br\/baixada\/wp-json\/wp\/v2\/categories?post=11857"},{"taxonomy":"post_tag","embeddable":true,"href":"https:\/\/hostnetart.com.br\/baixada\/wp-json\/wp\/v2\/tags?post=11857"}],"curies":[{"name":"wp","href":"https:\/\/api.w.org\/{rel}","templated":true}]}}