{"id":11847,"date":"2021-12-03T14:08:31","date_gmt":"2021-12-03T17:08:31","guid":{"rendered":"https:\/\/hostnetart.com.br\/baixada\/bancarios-revertem-decisao-do-itau-sobre-retorno-ao-trabalho-presencial\/"},"modified":"2021-12-03T14:08:31","modified_gmt":"2021-12-03T17:08:31","slug":"bancarios-revertem-decisao-do-itau-sobre-retorno-ao-trabalho-presencial","status":"publish","type":"post","link":"https:\/\/hostnetart.com.br\/baixada\/bancarios-revertem-decisao-do-itau-sobre-retorno-ao-trabalho-presencial\/","title":{"rendered":"Banc\u00e1rios revertem decis\u00e3o do Ita\u00fa sobre retorno ao trabalho presencial"},"content":{"rendered":"<p>A Comiss\u00e3o de Organiza\u00e7\u00e3o dos Empregados (COE) do Ita\u00fa e o Grupo de Trabalho (GT) de Sa\u00fade do Ita\u00fa se reuniram com a dire\u00e7\u00e3o do banco, na tarde dessa quinta-feira (2), para retomar a pauta de reivindica\u00e7\u00f5es. O principal avan\u00e7o do encontro foi a revers\u00e3o da decis\u00e3o do Ita\u00fa, que havia convocado o grupo de risco para retornar ao trabalho presencial.<\/p>\n<p>\u201cEste \u00e9 o resultado de muita luta nossa em defesa do cumprimento dos protocolos contra a Covid-19 e para a prote\u00e7\u00e3o \u00e0 sa\u00fade dos trabalhadores\u201d, destacou a diretora de Sa\u00fade do Sindicato dos Banc\u00e1rios de Belo Horizonte e Regi\u00e3o, Luciana Duarte.<\/p>\n<p>\u201cA pandemia ainda n\u00e3o acabou e o cen\u00e1rio em outros pa\u00edses comprova isto. A nova variante \u00e9 uma amea\u00e7a real. \u00c9 importante o avan\u00e7o da vacina\u00e7\u00e3o, como tamb\u00e9m o cumprimento dos protocolos de sa\u00fade e o uso correto das m\u00e1scaras\u201d, completou o secret\u00e1rio de Sa\u00fade e Condi\u00e7\u00f5es de Trabalho do Sindicato dos Banc\u00e1rios de S\u00e3o Paulo, Osasco e Regi\u00e3o, Carlos Damarindo. Os dois s\u00e3o coordenadores do Grupo de Trabalho (GT) de Sa\u00fade do Ita\u00fa.<\/p>\n<p>Ainda no \u00e2mbito da sa\u00fade, al\u00e9m de se comprometer a manter em home office os trabalhadores de grupos de risco, o Ita\u00fa disse que continuar\u00e1 fazendo campanha para incentivar a vacina\u00e7\u00e3o das funcion\u00e1rias e funcion\u00e1rios, inclusive pedindo a dose de refor\u00e7o ao grupo de risco. O banco disse ainda que est\u00e1 intensificando a import\u00e2ncia do protocolo de seguran\u00e7a sanit\u00e1ria entre os banc\u00e1rios por meio de campanha interna.<\/p>\n<h3>Demiss\u00f5es<\/h3>\n<p>Outro ponto de destaque na mesa de negocia\u00e7\u00e3o foram as demiss\u00f5es em ag\u00eancias e departamentos. Trabalhadores apontam que muitos desligamentos ocorrem pela cobran\u00e7a de metas abusivas e avalia\u00e7\u00f5es de performance. A COE cobrou do Ita\u00fa uma posi\u00e7\u00e3o sobre as demiss\u00f5es que est\u00e3o ocorrendo nas ag\u00eancias de todo o pa\u00eds.<\/p>\n<p>\u201cPrecisamos saber quais locais est\u00e3o passando por reestrutura\u00e7\u00e3o e se est\u00e3o ocorrendo contrata\u00e7\u00f5es. A necessidade da cria\u00e7\u00e3o de um centro de realoca\u00e7\u00e3o para os funcion\u00e1rios \u00e9 urgente\u201d, disse o coordenador da COE do Ita\u00fa, Jair Alves dos Santos.<\/p>\n<p>O banco declarou que haver\u00e1 o fechamento de ag\u00eancias deficit\u00e1rias e que os funcion\u00e1rios ser\u00e3o realocados em outras ag\u00eancias.<\/p>\n<p>Os representantes dos trabalhadores tamb\u00e9m cobraram do banco explica\u00e7\u00f5es sobre den\u00fancias de que funcion\u00e1rios est\u00e3o sendo desligados por n\u00e3o terem as certifica\u00e7\u00f5es CPA 10 e CPA 20. \u201cO banco nos respondeu que isso [o desligamento por falta das CPAs] n\u00e3o \u00e9 uma pol\u00edtica institucional. O Ita\u00fa precisa emitir um comunicado oficial sobre o procedimento para certifica\u00e7\u00e3o e esclarecimento aos funcion\u00e1rios\u201d, cobrou o coordenador da COE.<\/p>\n<h3>Parcelamento de d\u00edvidas<\/h3>\n<p>Os trabalhadores tamb\u00e9m reivindicaram a retomada da discuss\u00e3o do parcelamento da devolu\u00e7\u00e3o antecipa\u00e7\u00e3o salarial feita pelo banco aos funcion\u00e1rios que se afastam para tratamento de sa\u00fade, conforme previsto na cl\u00e1usula 65 da Conven\u00e7\u00e3o Coletiva de Trabalho (CCT) da categoria. Uma nova reuni\u00e3o ser\u00e1 marcada para que o banco apresente um acordo para que todas a entidades sindicais avaliem em conjunto e passe a ser v\u00e1lido para todo o pa\u00eds. O banco disse que ter\u00e1 problemas operacionais na folha de pagamento, caso tenha que fazer o acordo por sindicato.<\/p>\n<h3>Banco de horas negativo<\/h3>\n<p>O acordo de banco de horas negativas, feito entre os representantes dos trabalhadores e o banco, com vig\u00eancia de dois anos, vence em agosto de 2022. No encontro desta quinta-feira (2), o Ita\u00fa se comprometeu a agendar uma nova data, ainda neste m\u00eas de dezembro, para discutir o tema.<\/p>\n<h3>Diversidade<\/h3>\n<p>O banco concorda com as reivindica\u00e7\u00f5es dos movimentos sindicais para promover o respeito \u00e0 diversidade e disse que ir\u00e1 agendar uma reuni\u00e3o para debater o tema. Entre os pontos defendidos pelos trabalhadores est\u00e3o a igualdade salarial entre homens, mulheres, brancos e negros e o combate a toda e qualquer forma de discrimina\u00e7\u00e3o contra as mulheres, identidades raciais, LGBTQIA+, imigrantes, jovens, idosos, pessoas com defici\u00eancia e contra intoler\u00e2ncia religiosa e pol\u00edtica.<\/p>\n<h3>Seguran\u00e7a banc\u00e1ria<\/h3>\n<p>O banco tamb\u00e9m se comprometeu a agendar uma nova data para debater, especificamente, o tema com a participa\u00e7\u00e3o de um diretor respons\u00e1vel pela seguran\u00e7a banc\u00e1ria. Nesta pauta, os trabalhadores ressaltam a import\u00e2ncia de garantir a prote\u00e7\u00e3o aos trabalhadores e clientes nas ag\u00eancias de neg\u00f3cios e unidades de varejo; manuten\u00e7\u00e3o de vigilantes; porta de seguran\u00e7a com detec\u00e7\u00e3o de metais; seguran\u00e7a ao manuseio de numer\u00e1rio e escudos de prote\u00e7\u00e3o entre outros equipamentos de seguran\u00e7a nos locais de trabalho.<\/p>\n<p><strong>Fonte: Contraf-CUT<\/strong><\/p>\n","protected":false},"excerpt":{"rendered":"<p>A Comiss\u00e3o de Organiza\u00e7\u00e3o dos Empregados (COE) do Ita\u00fa e o Grupo de Trabalho (GT) de Sa\u00fade do Ita\u00fa se reuniram com a dire\u00e7\u00e3o do banco, na tarde dessa quinta-feira (2), para retomar a pauta de reivindica\u00e7\u00f5es. O principal avan\u00e7o do encontro foi a revers\u00e3o da decis\u00e3o do Ita\u00fa, que havia convocado o grupo de [&hellip;]<\/p>\n","protected":false},"author":2,"featured_media":11846,"comment_status":"","ping_status":"","sticky":false,"template":"","format":"standard","meta":{"footnotes":""},"categories":[3],"tags":[],"class_list":["post-11847","post","type-post","status-publish","format-standard","has-post-thumbnail","hentry","category-noticias"],"_links":{"self":[{"href":"https:\/\/hostnetart.com.br\/baixada\/wp-json\/wp\/v2\/posts\/11847","targetHints":{"allow":["GET"]}}],"collection":[{"href":"https:\/\/hostnetart.com.br\/baixada\/wp-json\/wp\/v2\/posts"}],"about":[{"href":"https:\/\/hostnetart.com.br\/baixada\/wp-json\/wp\/v2\/types\/post"}],"author":[{"embeddable":true,"href":"https:\/\/hostnetart.com.br\/baixada\/wp-json\/wp\/v2\/users\/2"}],"replies":[{"embeddable":true,"href":"https:\/\/hostnetart.com.br\/baixada\/wp-json\/wp\/v2\/comments?post=11847"}],"version-history":[{"count":0,"href":"https:\/\/hostnetart.com.br\/baixada\/wp-json\/wp\/v2\/posts\/11847\/revisions"}],"wp:featuredmedia":[{"embeddable":true,"href":"https:\/\/hostnetart.com.br\/baixada\/wp-json\/wp\/v2\/media\/11846"}],"wp:attachment":[{"href":"https:\/\/hostnetart.com.br\/baixada\/wp-json\/wp\/v2\/media?parent=11847"}],"wp:term":[{"taxonomy":"category","embeddable":true,"href":"https:\/\/hostnetart.com.br\/baixada\/wp-json\/wp\/v2\/categories?post=11847"},{"taxonomy":"post_tag","embeddable":true,"href":"https:\/\/hostnetart.com.br\/baixada\/wp-json\/wp\/v2\/tags?post=11847"}],"curies":[{"name":"wp","href":"https:\/\/api.w.org\/{rel}","templated":true}]}}