{"id":11845,"date":"2021-12-02T13:12:11","date_gmt":"2021-12-02T16:12:11","guid":{"rendered":"https:\/\/hostnetart.com.br\/baixada\/sextou-bancario-vai-continuar\/"},"modified":"2021-12-02T13:12:11","modified_gmt":"2021-12-02T16:12:11","slug":"sextou-bancario-vai-continuar","status":"publish","type":"post","link":"https:\/\/hostnetart.com.br\/baixada\/sextou-bancario-vai-continuar\/","title":{"rendered":"\u201cSextou\u201d banc\u00e1rio vai continuar"},"content":{"rendered":"<p>A apresenta\u00e7\u00e3o do relat\u00f3rio do deputado Fabio Ramalho (MDB\/MG), com parecer favor\u00e1vel \u00e0 aprova\u00e7\u00e3o do\u00a0<a href=\"http:\/\/chrome-extension\/\/efaidnbmnnnibpcajpcglclefindmkaj\/viewer.html?pdfurl=https%3A%2F%2Fwww.camara.leg.br%2FproposicoesWeb%2Fprop_mostrarintegra%3Bjsessionid%3Dnode0uvopz7dy9ee9hhv4s13nwcq07132618.node0%3Fcodteor%3D1713374%26filename%3DPL%2B1043%2F2019\" target=\"_blank\" rel=\"noopener noreferrer\">Projeto de Lei 1043\/2019<\/a>, que obriga a abertura de ag\u00eancias banc\u00e1rias aos s\u00e1bados e domingos, estava prevista para esta quinta-feira (2) na Comiss\u00e3o de Defesa do Consumidor (CDC) da C\u00e2mara dos Deputados, mas foi retirada da pauta ap\u00f3s press\u00e3o do movimento sindical banc\u00e1rio e articula\u00e7\u00f5es dos deputados Paulo Pimenta (PT\/RS) e Ivan Valente (Psol\/SP).<\/p>\n<p>\u201cFizemos um trabalho estrat\u00e9gico nesta semana com os deputados Ivan Valente e Paulo Pimenta, membros da CDC, pra minar o projeto e, na noite desta quarta-feira (1), a proposta foi retirada da pauta e o relat\u00f3rio devolvido ao relator. Neste ano, provavelmente, n\u00e3o ser\u00e1 mais apreciado. Mas, estaremos atentos \u00e0 tramita\u00e7\u00e3o e n\u00e3o sossegaremos at\u00e9 que o mesmo seja derrubado de vez!\u201d, disse o secret\u00e1rio de Rela\u00e7\u00f5es do Trabalho e respons\u00e1vel pelo acompanhamento de quest\u00f5es de interesse da categoria no Congresso Nacional pela Confedera\u00e7\u00e3o Nacional dos Trabalhadores do Ramo Financeiro (Contraf-CUT), Jeferson Meira, o Jef\u00e3o.<\/p>\n<h3>Press\u00e3o continua<\/h3>\n<p>Para o dirigente da Contraf-CUT a retirada do projeto da pauta de vota\u00e7\u00f5es \u00e9 uma vit\u00f3ria da categoria. \u201cMas, \u00e9 uma vit\u00f3ria parcial. N\u00e3o podemos baixar a guarda at\u00e9 este projeto seja derrubado de uma vez por todas. Por isso, a orienta\u00e7\u00e3o \u00e9 para que os banc\u00e1rios continuem acessando o site da C\u00e2mara dos Deputados para mostrar sua indigna\u00e7\u00e3o, mandando e-mails e ligando no gabinete do relator para mostrar sua insatisfa\u00e7\u00e3o\u201d, disse.<\/p>\n<p>\u201cPara mostrar sua discord\u00e2ncia do projeto basta acessar a\u00a0<a href=\"https:\/\/forms.camara.leg.br\/ex\/enquetes\/2192746\" target=\"_blank\" rel=\"noopener noreferrer\">enquete no site da C\u00e2mara dos Deputados<\/a>, se cadastrar e clicar em \u2018discordo totalmente\u2019. Mas, tamb\u00e9m \u00e9 poss\u00edvel mandar e-mails e ligar para o\u00a0<a href=\"https:\/\/www.camara.leg.br\/deputados\/141427\" target=\"_blank\" rel=\"noopener noreferrer\">relator<\/a>\u00a0do projeto mostrando a sua insatisfa\u00e7\u00e3o\u201d, ensinou Jef\u00e3o.<\/p>\n<p>Para o dirigente sindical e representante do Sindicato dos Banc\u00e1rios de S\u00e3o Paulo no Grupo Nacional da Agenda Legislativa das Centrais Sindicais, Alexandre Caso, a abertura dos bancos aos finais de semana n\u00e3o visa ao atendimento de necessidades dos clientes, mas do pr\u00f3prio banco. \u201cAbrir ag\u00eancias banc\u00e1rias aos s\u00e1bados e domingos n\u00e3o vai gerar inclus\u00e3o de clientes que n\u00e3o conseguem ir \u00e0s ag\u00eancias nos dias de semana. Estes, os bancos v\u00e3o continuar encaminhando para serem atendidos pelos correspondentes banc\u00e1rios, independente do dia\u201d, disse. \u201cOs bancos t\u00eam, outros interesses e, se aprovado este projeto, a press\u00e3o por metas que j\u00e1 acontece durante a semana vai se estender aos s\u00e1bados e domingos e aumentar o grave adoecimento na categoria banc\u00e1ria. Por isso, vamos continuar resistindo para evitar a aprova\u00e7\u00e3o\u201d, completou.<\/p>\n<p><strong>Fonte: Contraf-CUT<\/strong><\/p>\n","protected":false},"excerpt":{"rendered":"<p>A apresenta\u00e7\u00e3o do relat\u00f3rio do deputado Fabio Ramalho (MDB\/MG), com parecer favor\u00e1vel \u00e0 aprova\u00e7\u00e3o do\u00a0Projeto de Lei 1043\/2019, que obriga a abertura de ag\u00eancias banc\u00e1rias aos s\u00e1bados e domingos, estava prevista para esta quinta-feira (2) na Comiss\u00e3o de Defesa do Consumidor (CDC) da C\u00e2mara dos Deputados, mas foi retirada da pauta ap\u00f3s press\u00e3o do movimento [&hellip;]<\/p>\n","protected":false},"author":2,"featured_media":11844,"comment_status":"","ping_status":"","sticky":false,"template":"","format":"standard","meta":{"footnotes":""},"categories":[3],"tags":[],"class_list":["post-11845","post","type-post","status-publish","format-standard","has-post-thumbnail","hentry","category-noticias"],"_links":{"self":[{"href":"https:\/\/hostnetart.com.br\/baixada\/wp-json\/wp\/v2\/posts\/11845","targetHints":{"allow":["GET"]}}],"collection":[{"href":"https:\/\/hostnetart.com.br\/baixada\/wp-json\/wp\/v2\/posts"}],"about":[{"href":"https:\/\/hostnetart.com.br\/baixada\/wp-json\/wp\/v2\/types\/post"}],"author":[{"embeddable":true,"href":"https:\/\/hostnetart.com.br\/baixada\/wp-json\/wp\/v2\/users\/2"}],"replies":[{"embeddable":true,"href":"https:\/\/hostnetart.com.br\/baixada\/wp-json\/wp\/v2\/comments?post=11845"}],"version-history":[{"count":0,"href":"https:\/\/hostnetart.com.br\/baixada\/wp-json\/wp\/v2\/posts\/11845\/revisions"}],"wp:featuredmedia":[{"embeddable":true,"href":"https:\/\/hostnetart.com.br\/baixada\/wp-json\/wp\/v2\/media\/11844"}],"wp:attachment":[{"href":"https:\/\/hostnetart.com.br\/baixada\/wp-json\/wp\/v2\/media?parent=11845"}],"wp:term":[{"taxonomy":"category","embeddable":true,"href":"https:\/\/hostnetart.com.br\/baixada\/wp-json\/wp\/v2\/categories?post=11845"},{"taxonomy":"post_tag","embeddable":true,"href":"https:\/\/hostnetart.com.br\/baixada\/wp-json\/wp\/v2\/tags?post=11845"}],"curies":[{"name":"wp","href":"https:\/\/api.w.org\/{rel}","templated":true}]}}