{"id":11843,"date":"2021-12-02T13:09:51","date_gmt":"2021-12-02T16:09:51","guid":{"rendered":"https:\/\/hostnetart.com.br\/baixada\/empregados-da-caixa-realizam-plenaria-nacional-nesta-quinta-feira-2\/"},"modified":"2021-12-02T13:09:51","modified_gmt":"2021-12-02T16:09:51","slug":"empregados-da-caixa-realizam-plenaria-nacional-nesta-quinta-feira-2","status":"publish","type":"post","link":"https:\/\/hostnetart.com.br\/baixada\/empregados-da-caixa-realizam-plenaria-nacional-nesta-quinta-feira-2\/","title":{"rendered":"Empregados da Caixa realizam plen\u00e1ria nacional nesta quinta-feira (2)"},"content":{"rendered":"<p>A Confedera\u00e7\u00e3o Nacional dos Trabalhadores do Ramo Financeiro (Contraf-CUT), da qual o Sindicato dos Banc\u00e1rios da Baixada Fluminense faz parte, convoca todos os empregados e empregadas da Caixa Econ\u00f4mica Federal a participarem nesta quinta-feira (2), a partir das 19h, de uma plen\u00e1ria nacional sobre banco de horas, teletrabalho e condi\u00e7\u00f5es de trabalho no banco.<\/p>\n<p>\u201c\u00c9 importante conversarmos sobre as condi\u00e7\u00f5es de trabalho e os debates da mesa de negocia\u00e7\u00e3o, em especial a discuss\u00e3o sobre teletrabalho e banco de horas e ouvirmos sugest\u00f5es dos banc\u00e1rios que est\u00e3o nas ag\u00eancias e unidades administrativas do banco. Assim poderemos negociar com o banco com maior legitimidade e tratar de todos os pontos de vista destes temas\u201d, disse a coordenadora da Comiss\u00e3o Executiva dos Empregados (CEE) da Caixa, Fabiana Uehara Proscholdt, que tamb\u00e9m \u00e9 secret\u00e1ria de Cultura da Contraf-CUT.<\/p>\n<h3><strong>Participa\u00e7\u00e3o<\/strong><\/h3>\n<p>A plen\u00e1ria \u00e9 aberta \u00e0 participa\u00e7\u00e3o de todos os empregados e empregadas da Caixa, com foco nos militantes, delegados sindicais e cipeiros, e ser\u00e1 realizada de maneira remota, pela internet, para manter a seguran\u00e7a sanit\u00e1ria dos participantes e facilitar a participa\u00e7\u00e3o do maior n\u00famero poss\u00edvel de pessoas.<\/p>\n<p>Para participar \u00e9 preciso fazer\u00a0<a href=\"https:\/\/us06web.zoom.us\/webinar\/register\/WN_Vx3aypxfSIG-9QAHJlTKrA\" target=\"_blank\" rel=\"noopener noreferrer\">inscri\u00e7\u00e3o pr\u00e9via<\/a>. Ap\u00f3s a inscri\u00e7\u00e3o ser\u00e1 enviado um e-mail de confirma\u00e7\u00e3o contendo informa\u00e7\u00f5es sobre como entrar no webinar, com link individual para quem se inscreveu.<\/p>\n<h3><strong>Calend\u00e1rio de mobiliza\u00e7\u00e3o<\/strong><\/h3>\n<p><strong>2 de dezembro (quinta-feira), \u00e0s 19h<\/strong>\u00a0\u2013 Plen\u00e1ria Nacional de Militantes, Delegados Sindicais e Cipeiros. Pauta: Condi\u00e7\u00f5es de Trabalho, Teletrabalho e Banco de Horas.<\/p>\n<p><strong>7 de dezembro (ter\u00e7a-feira)<\/strong>\u00a0\u2013 Dia Nacional de Luta em Defesa da Caixa e dos seus empregados. Pauta: luta contra o ass\u00e9dio institucional, falta de condi\u00e7\u00f5es de trabalho, combate \u00e0s metas desumanas, import\u00e2ncia da Caixa, contra o sucateamento e por mais contrata\u00e7\u00f5es.<\/p>\n<p><strong>12 de janeiro de 2022<\/strong>\u00a0\u2013 Anivers\u00e1rio de 161 anos da Caixa \u2013 Dia Nacional de Luta em Defesa da Caixa e de seus empregados<\/p>\n<p><span style=\"text-decoration: underline;\"><strong>Fonte: Contraf-CUT<\/strong><\/span><\/p>\n","protected":false},"excerpt":{"rendered":"<p>A Confedera\u00e7\u00e3o Nacional dos Trabalhadores do Ramo Financeiro (Contraf-CUT), da qual o Sindicato dos Banc\u00e1rios da Baixada Fluminense faz parte, convoca todos os empregados e empregadas da Caixa Econ\u00f4mica Federal a participarem nesta quinta-feira (2), a partir das 19h, de uma plen\u00e1ria nacional sobre banco de horas, teletrabalho e condi\u00e7\u00f5es de trabalho no banco. \u201c\u00c9 [&hellip;]<\/p>\n","protected":false},"author":2,"featured_media":11842,"comment_status":"","ping_status":"","sticky":false,"template":"","format":"standard","meta":{"footnotes":""},"categories":[3],"tags":[],"class_list":["post-11843","post","type-post","status-publish","format-standard","has-post-thumbnail","hentry","category-noticias"],"_links":{"self":[{"href":"https:\/\/hostnetart.com.br\/baixada\/wp-json\/wp\/v2\/posts\/11843","targetHints":{"allow":["GET"]}}],"collection":[{"href":"https:\/\/hostnetart.com.br\/baixada\/wp-json\/wp\/v2\/posts"}],"about":[{"href":"https:\/\/hostnetart.com.br\/baixada\/wp-json\/wp\/v2\/types\/post"}],"author":[{"embeddable":true,"href":"https:\/\/hostnetart.com.br\/baixada\/wp-json\/wp\/v2\/users\/2"}],"replies":[{"embeddable":true,"href":"https:\/\/hostnetart.com.br\/baixada\/wp-json\/wp\/v2\/comments?post=11843"}],"version-history":[{"count":0,"href":"https:\/\/hostnetart.com.br\/baixada\/wp-json\/wp\/v2\/posts\/11843\/revisions"}],"wp:featuredmedia":[{"embeddable":true,"href":"https:\/\/hostnetart.com.br\/baixada\/wp-json\/wp\/v2\/media\/11842"}],"wp:attachment":[{"href":"https:\/\/hostnetart.com.br\/baixada\/wp-json\/wp\/v2\/media?parent=11843"}],"wp:term":[{"taxonomy":"category","embeddable":true,"href":"https:\/\/hostnetart.com.br\/baixada\/wp-json\/wp\/v2\/categories?post=11843"},{"taxonomy":"post_tag","embeddable":true,"href":"https:\/\/hostnetart.com.br\/baixada\/wp-json\/wp\/v2\/tags?post=11843"}],"curies":[{"name":"wp","href":"https:\/\/api.w.org\/{rel}","templated":true}]}}