{"id":11841,"date":"2021-12-01T22:17:06","date_gmt":"2021-12-02T01:17:06","guid":{"rendered":"https:\/\/hostnetart.com.br\/baixada\/volta-ao-trabalho-presencial-sera-pauta-de-reuniao-com-o-banco-do-brasil\/"},"modified":"2021-12-01T22:17:06","modified_gmt":"2021-12-02T01:17:06","slug":"volta-ao-trabalho-presencial-sera-pauta-de-reuniao-com-o-banco-do-brasil","status":"publish","type":"post","link":"https:\/\/hostnetart.com.br\/baixada\/volta-ao-trabalho-presencial-sera-pauta-de-reuniao-com-o-banco-do-brasil\/","title":{"rendered":"Volta ao trabalho presencial ser\u00e1 pauta de reuni\u00e3o com o Banco do Brasil"},"content":{"rendered":"<p>A Comiss\u00e3o de Empresa dos Funcion\u00e1rios do Banco do Brasil se re\u00fane com o banco, nesta quinta-feira (2), para debater o retorno ao trabalho presencial e a implementa\u00e7\u00e3o do acordo de teletrabalho. No mesmo dia, acontecer\u00e1 protestos nas unidades do BB em todo o pa\u00eds, demonstrando a insatisfa\u00e7\u00e3o dos banc\u00e1rios com as medidas de retorno tomadas pelo banco.<\/p>\n<p>\u201cA pandemia ainda n\u00e3o acabou e as autoridades de Sa\u00fade confirmam a chegada ao Brasil de uma nova variante da Covid-19. Queremos que o BB mantenha os protocolos de seguran\u00e7a e o trabalho em home office, sobretudo para o grupo de risco\u201d, destacou Fernanda Lopes, secret\u00e1ria de Juventude e representante da Confedera\u00e7\u00e3o Nacional dos Trabalhadores do Ramo Financeiro (Contraf-CUT) nas negocia\u00e7\u00f5es com o BB.<\/p>\n<p>Na semana passada, o BB divulgou a escala para o retorno gradativo, com a meta de, at\u00e9 o final de dezembro, n\u00e3o ter mais nenhum funcion\u00e1rio em home office. A escala inclui o retorno dos funcion\u00e1rios do grupo de risco. Mas, em algumas localidades, 100% dos trabalhadores j\u00e1 est\u00e3o em trabalho presencial.<\/p>\n<p>Segundo a Funda\u00e7\u00e3o Oswaldo Cruz (Fiocruz), consultada pela Contraf-CUT, as pessoas do grupo de risco com comorbidades deveriam voltar ao trabalho presencial somente mediante a orienta\u00e7\u00e3o de um m\u00e9dico assistente. \u201cNossa exig\u00eancia \u00e9 que a vida de todos os banc\u00e1rios continue sendo preservada\u201d, refor\u00e7ou Fernanda.<\/p>\n<h3>#DiaNacionalDeLutaNoBB<\/h3>\n<p>Tamb\u00e9m nesta quinta-feira, 2 de dezembro, acontece o Dia Nacional de Luta dos funcion\u00e1rios do Banco do Brasil, em protesto pelo fim do trabalho em home office e pela implementa\u00e7\u00e3o do acordo de teletrabalho. As manifesta\u00e7\u00f5es incluir\u00e3o um tuita\u00e7o, a partir das 11h, para criticar as a\u00e7\u00f5es do BB que colocam em risco a sa\u00fade das banc\u00e1rias e banc\u00e1rios em meio \u00e0 pandemia.<\/p>\n<p>\u201cAl\u00e9m de ter decidido pela convoca\u00e7\u00e3o sem dialogar com os representantes dos trabalhadores, o BB est\u00e1 colocando em risco a vida dos funcion\u00e1rios e de seus familiares\u201d, pontuou Fernanda, lembrando do resultado de pesquisa realizada pelo Departamento Intersindical de Estat\u00edstica e Estudos Socioecon\u00f4micos (Dieese) com 13 mil banc\u00e1rias e banc\u00e1rios, divulgada em setembro.<\/p>\n<p>\u201cO levantamento mostrou que quase 40% dos banc\u00e1rios que trabalharam presencialmente contra\u00edram Covid-19, contra 23% dos que ficaram em home office. Portanto, o trabalho em casa \u00e9 sim eficiente para reduzir o risco de contamina\u00e7\u00e3o de funcion\u00e1rios\u201d, concluiu.<\/p>\n<p><strong>Fonte: Contraf-CUT<\/strong><\/p>\n","protected":false},"excerpt":{"rendered":"<p>A Comiss\u00e3o de Empresa dos Funcion\u00e1rios do Banco do Brasil se re\u00fane com o banco, nesta quinta-feira (2), para debater o retorno ao trabalho presencial e a implementa\u00e7\u00e3o do acordo de teletrabalho. No mesmo dia, acontecer\u00e1 protestos nas unidades do BB em todo o pa\u00eds, demonstrando a insatisfa\u00e7\u00e3o dos banc\u00e1rios com as medidas de retorno [&hellip;]<\/p>\n","protected":false},"author":2,"featured_media":11840,"comment_status":"","ping_status":"","sticky":false,"template":"","format":"standard","meta":{"footnotes":""},"categories":[3],"tags":[],"class_list":["post-11841","post","type-post","status-publish","format-standard","has-post-thumbnail","hentry","category-noticias"],"_links":{"self":[{"href":"https:\/\/hostnetart.com.br\/baixada\/wp-json\/wp\/v2\/posts\/11841","targetHints":{"allow":["GET"]}}],"collection":[{"href":"https:\/\/hostnetart.com.br\/baixada\/wp-json\/wp\/v2\/posts"}],"about":[{"href":"https:\/\/hostnetart.com.br\/baixada\/wp-json\/wp\/v2\/types\/post"}],"author":[{"embeddable":true,"href":"https:\/\/hostnetart.com.br\/baixada\/wp-json\/wp\/v2\/users\/2"}],"replies":[{"embeddable":true,"href":"https:\/\/hostnetart.com.br\/baixada\/wp-json\/wp\/v2\/comments?post=11841"}],"version-history":[{"count":0,"href":"https:\/\/hostnetart.com.br\/baixada\/wp-json\/wp\/v2\/posts\/11841\/revisions"}],"wp:featuredmedia":[{"embeddable":true,"href":"https:\/\/hostnetart.com.br\/baixada\/wp-json\/wp\/v2\/media\/11840"}],"wp:attachment":[{"href":"https:\/\/hostnetart.com.br\/baixada\/wp-json\/wp\/v2\/media?parent=11841"}],"wp:term":[{"taxonomy":"category","embeddable":true,"href":"https:\/\/hostnetart.com.br\/baixada\/wp-json\/wp\/v2\/categories?post=11841"},{"taxonomy":"post_tag","embeddable":true,"href":"https:\/\/hostnetart.com.br\/baixada\/wp-json\/wp\/v2\/tags?post=11841"}],"curies":[{"name":"wp","href":"https:\/\/api.w.org\/{rel}","templated":true}]}}