{"id":11839,"date":"2021-12-01T14:55:18","date_gmt":"2021-12-01T17:55:18","guid":{"rendered":"https:\/\/hostnetart.com.br\/baixada\/1-de-dezembro-dia-mundial-de-luta-contra-a-aids\/"},"modified":"2021-12-01T14:55:18","modified_gmt":"2021-12-01T17:55:18","slug":"1-de-dezembro-dia-mundial-de-luta-contra-a-aids","status":"publish","type":"post","link":"https:\/\/hostnetart.com.br\/baixada\/1-de-dezembro-dia-mundial-de-luta-contra-a-aids\/","title":{"rendered":"1\u00ba de dezembro: Dia Mundial de Luta contra a AIDS"},"content":{"rendered":"<p>Nesta quarta-feira (1\u00ba de dezembro), \u00e9 o Dia Mundial de Luta contra a AIDS.<\/p>\n<p>A data \u00e9 oportunidade para apoiar as pessoas envolvidas na luta contra o HIV e melhorar a compreens\u00e3o do v\u00edrus como um problema de sa\u00fade p\u00fablica global.<\/p>\n<p>Esse dia tamb\u00e9m tem a fun\u00e7\u00e3o de auxiliar no combate contra o preconceito que os portadores de HIV sofrem na sociedade por causa da doen\u00e7a.<\/p>\n<p>A data foi institu\u00edda em 1987, quando a Assembleia Mundial de Sa\u00fade, com o apoio da Organiza\u00e7\u00e3o das Na\u00e7\u00f5es Unidas (ONU), oficializou o 1\u00ba de dezembro como o Dia Mundial de Luta contra a Aids.<\/p>\n<p>No Brasil, um ano depois, o Minist\u00e9rio da Sa\u00fade oficializou a data, que passou a ser um s\u00edmbolo mundial no combate \u00e0 doen\u00e7a.<\/p>\n<p>\u00a0<\/p>\n","protected":false},"excerpt":{"rendered":"<p>Nesta quarta-feira (1\u00ba de dezembro), \u00e9 o Dia Mundial de Luta contra a AIDS. A data \u00e9 oportunidade para apoiar as pessoas envolvidas na luta contra o HIV e melhorar a compreens\u00e3o do v\u00edrus como um problema de sa\u00fade p\u00fablica global. Esse dia tamb\u00e9m tem a fun\u00e7\u00e3o de auxiliar no combate contra o preconceito que [&hellip;]<\/p>\n","protected":false},"author":2,"featured_media":11838,"comment_status":"","ping_status":"","sticky":false,"template":"","format":"standard","meta":{"footnotes":""},"categories":[3],"tags":[],"class_list":["post-11839","post","type-post","status-publish","format-standard","has-post-thumbnail","hentry","category-noticias"],"_links":{"self":[{"href":"https:\/\/hostnetart.com.br\/baixada\/wp-json\/wp\/v2\/posts\/11839","targetHints":{"allow":["GET"]}}],"collection":[{"href":"https:\/\/hostnetart.com.br\/baixada\/wp-json\/wp\/v2\/posts"}],"about":[{"href":"https:\/\/hostnetart.com.br\/baixada\/wp-json\/wp\/v2\/types\/post"}],"author":[{"embeddable":true,"href":"https:\/\/hostnetart.com.br\/baixada\/wp-json\/wp\/v2\/users\/2"}],"replies":[{"embeddable":true,"href":"https:\/\/hostnetart.com.br\/baixada\/wp-json\/wp\/v2\/comments?post=11839"}],"version-history":[{"count":0,"href":"https:\/\/hostnetart.com.br\/baixada\/wp-json\/wp\/v2\/posts\/11839\/revisions"}],"wp:featuredmedia":[{"embeddable":true,"href":"https:\/\/hostnetart.com.br\/baixada\/wp-json\/wp\/v2\/media\/11838"}],"wp:attachment":[{"href":"https:\/\/hostnetart.com.br\/baixada\/wp-json\/wp\/v2\/media?parent=11839"}],"wp:term":[{"taxonomy":"category","embeddable":true,"href":"https:\/\/hostnetart.com.br\/baixada\/wp-json\/wp\/v2\/categories?post=11839"},{"taxonomy":"post_tag","embeddable":true,"href":"https:\/\/hostnetart.com.br\/baixada\/wp-json\/wp\/v2\/tags?post=11839"}],"curies":[{"name":"wp","href":"https:\/\/api.w.org\/{rel}","templated":true}]}}