{"id":11837,"date":"2021-12-01T14:47:21","date_gmt":"2021-12-01T17:47:21","guid":{"rendered":"https:\/\/hostnetart.com.br\/baixada\/encontro-nacional-de-saude-do-banco-do-brasil-reforca-defesa-do-sus\/"},"modified":"2021-12-01T14:47:21","modified_gmt":"2021-12-01T17:47:21","slug":"encontro-nacional-de-saude-do-banco-do-brasil-reforca-defesa-do-sus","status":"publish","type":"post","link":"https:\/\/hostnetart.com.br\/baixada\/encontro-nacional-de-saude-do-banco-do-brasil-reforca-defesa-do-sus\/","title":{"rendered":"Encontro Nacional de Sa\u00fade do Banco do Brasil refor\u00e7a defesa do SUS"},"content":{"rendered":"<div class=\"elementor-element elementor-element-194680ec elementor-widget elementor-widget-theme-post-content\" data-id=\"194680ec\" data-element_type=\"widget\" data-widget_type=\"theme-post-content.default\">\n<div class=\"elementor-widget-container\">\n<p>O dif\u00edcil enfrentamento \u00e0 pandemia da Covid-19, que tirou a vida de mais de 600 mil pessoas no Brasil, exp\u00f4s a fragilidade dos sistemas de sa\u00fade p\u00fablicos e privados, revelou as desigualdades entre os planos de sa\u00fade e refor\u00e7ou o debate nacional sobre a import\u00e2ncia do Sistema \u00danico de Sa\u00fade (SUS) e do investimento em ci\u00eancia, tecnologia e inova\u00e7\u00e3o. Esses foram alguns dos pontos discutidos com profundidade no painel \u201cO SUS na pandemia e os desafios da sa\u00fade p\u00fablica e suplementar p\u00f3s-pandemia\u201d, do Encontro Nacional de Sa\u00fade dos Funcion\u00e1rios do Banco do Brasil, realizado s\u00e1bado (27).<\/p>\n<p>\u201cEste encontro surgiu de um debate muito importante, no Congresso dos Funcion\u00e1rios do Banco do Brasil, que \u00e9 a necessidade de discutirmos a sa\u00fade do trabalhador, n\u00e3o s\u00f3 os nossos planos de sa\u00fade, mas a sa\u00fade em si dos trabalhadores, discutir pol\u00edticas, discutir projetos, discutir enfrentamentos com o pr\u00f3prio governo e com o pr\u00f3prio banco, frente \u00e0 pandemia que vivemos e frente \u00e0s consequ\u00eancias do p\u00f3s-covid\u201d, disse o coordenador da Comiss\u00e3o de Empresa dos Funcion\u00e1rios do Banco do Brasil (CEBB), Jo\u00e3o Fukunaga, durante a abertura do evento.<\/p>\n<p>O debate aconteceu entre os m\u00e9dicos sanitaristas Gonzalo Vecina Neto, fundador da Ag\u00eancia Nacional de Vigil\u00e2ncia Sanit\u00e1ria (Anvisa) e professor da Faculdade de Sa\u00fade P\u00fablica da Universidade de S\u00e3o Paulo (FSP-USP) e L\u00edgia Bahia, pesquisadora em sa\u00fade p\u00fablica e professora do Instituto de Estudos em Sa\u00fade Coletiva da UFRJ.<\/p>\n<p>Um dos pontos de acordo entre os dois especialistas \u00e9 o fato de estarmos longe do fim da pandemia: \u201cSendo muito otimista, poderia dizer que estamos no meio da pandemia. No fim, nem pensar\u201d, disse Gonzalo.<\/p>\n<p>\u201cN\u00f3s n\u00e3o estamos apenas longe do final, como tamb\u00e9m estamos numa crise p\u00f3s-crise econ\u00f4mica, considerando que \u00e9 recente a crise mundial de 2008. Talvez a gente ainda n\u00e3o tenha distanciamento hist\u00f3rico [suficiente] para entender todas as mudan\u00e7as que est\u00e3o ocorrendo neste momento\u201d, ponderou L\u00edgia.<\/p>\n<h3><strong>SUS e sistema suplementar<\/strong><\/h3>\n<p>Para os dois especialistas, n\u00e3o h\u00e1 d\u00favidas de que a crise sanit\u00e1ria que atingiu o Brasil foi pior por causa de um conjunto de fatores que incluem o desmonte da aten\u00e7\u00e3o prim\u00e1ria \u00e0 sa\u00fade provocado pelo governo Bolsonaro; a falta de integra\u00e7\u00e3o entre os sistemas dos Estados e munic\u00edpios; a drenagem de recursos do setor p\u00fablico para o privado, que tamb\u00e9m oferece planos de sa\u00fade de qualidade duvidosa; al\u00e9m do baixo investimento para a produ\u00e7\u00e3o de tecnologias pr\u00f3prias na \u00e1rea de sa\u00fade.<\/p>\n<p>\u201cTemos que revisitar a discuss\u00e3o sobre as UPAs (Unidades de Pronto Atendimento). Uma grande parte dessas mais de 600 mil mortes n\u00e3o se deve ao v\u00edrus, mas ao tipo de medicina porca que n\u00f3s praticamos\u201d, criticou Gonzalo. \u201cEm Manaus faltou oxig\u00eanio. Aqui no Sul e Sudeste faltou torpedo de oxig\u00eanio, porque n\u00f3s est\u00e1vamos internando pacientes em UPA, que n\u00e3o foi feita para tratar pacientes que precisam de oxig\u00eanio\u201d, destacou.<\/p>\n<p>Para a professora L\u00edgia, a terr\u00edvel marca de mortos no Brasil, em decorr\u00eancia da Covid-19, comprova que o SUS, do jeito que est\u00e1 \u201cn\u00e3o \u00e9 bom\u201d. A pesquisadora n\u00e3o \u00e9 a favor do fim do Sistema \u00danico de Sa\u00fade. Muito pelo contr\u00e1rio, ela defendeu que a discuss\u00e3o seja feita com base na realidade para que as manifesta\u00e7\u00f5es em defesa do SUS sejam, de fato, eficientes, completando: \u201cA ci\u00eancia tamb\u00e9m n\u00e3o saiu glorificada dessa pandemia. Esse \u00e9 outro problema que temos que discutir: a ci\u00eancia \u00e9 muito arrogante, o que colaborou para a polariza\u00e7\u00e3o [nos debates]\u201d.<\/p>\n<p>L\u00edgia criticou, principalmente, o grande aporte de recursos p\u00fablicos para a iniciativa privada enfrentar a pandemia: \u201cS\u00f3 em 2020, o Minist\u00e9rio da Sa\u00fade alocou mais R$ 36 bilh\u00f5es para a Sa\u00fade, entretanto a rede p\u00fablica n\u00e3o se fortaleceu. Por que isso? Porque se comprou leitos do setor privado, grupos econ\u00f4micos pegaram parte desse dinheiro\u201d, disse.<\/p>\n<p>Na Sa\u00fade Suplementar, L\u00edgia denunciou o aumento na desigualdade de tratamento entre os pacientes. \u201cN\u00e3o temos mais aquela discuss\u00e3o entre \u2018quem tem plano e quem n\u00e3o tem plano\u2019. N\u00e3o! O que temos s\u00e3o diferentes tipos de planos no mercado que disputam recursos entre si, disputam profissionais de sa\u00fade\u201d. A professora tamb\u00e9m exp\u00f4s uma recente den\u00fancia na Justi\u00e7a contra a Amil feita por um m\u00e9dico, acusando a operadora de prescrever rem\u00e9dios mais baratos e sem efetividade para o tratamento de c\u00e2ncer dos pacientes de planos de sa\u00fade inferiores.<\/p>\n<p>O professor Gonzalo ponderou que h\u00e1 espa\u00e7o para as iniciativas p\u00fablica e privada atuarem juntas. \u201cAtualmente, 60% da rede hospitalar brasileira \u00e9 privada. N\u00e3o \u00e9 poss\u00edvel funcionar sem esses 60%. Ent\u00e3o, essa rede continuar\u00e1 sendo contratada pelo SUS\u201d, completando que h\u00e1 espa\u00e7o, principalmente, \u00e0 iniciativa privada nas a\u00e7\u00f5es da sa\u00fade de alta complexidade.<\/p>\n<p>Por\u00e9m, Gonzalo apontou para a grande diferen\u00e7a entre o custo por paciente entre os dois sistemas: \u201cA assist\u00eancia m\u00e9dico-suplementar, pelos dados que temos de 2019, gastou R$ 4.000 per capita em um ano, enquanto o SUS gastou R$ 1.200 per capita no ano\u201d.<\/p>\n<p>A professora L\u00edgia respondeu que n\u00e3o defende o fim dos planos de sa\u00fade, mas sim \u201cuma transi\u00e7\u00e3o, um movimento que n\u00e3o prejudique ningu\u00e9m\u201d, e que estabele\u00e7a financiamento seguro e progressivo para um sistema de sa\u00fade p\u00fablico e universal.<\/p>\n<h3><strong>Desafio da nova variante<\/strong><\/h3>\n<p>Os dois m\u00e9dicos sanitaristas avaliaram com preocupa\u00e7\u00e3o a descoberta da variante da Covid-19, chamada \u00d4micron. \u201cS\u00f3 vamos conseguir atravessar a pandemia se a vacina chegar para as pessoas de todo o mundo\u201d, destacou Gonzalo. Caso as vacinas j\u00e1 em circula\u00e7\u00e3o n\u00e3o sejam capazes de criar anticorpos contra a \u00d4micron, o professor pontuou que a humanidade tem capacidade de produzir novos imunizantes. \u201cMas lembro que fazer vacina nova n\u00e3o \u00e9 a mesma coisa que distribuir vacina nova\u201d, explicando em seguida que, caso a variante \u00d4micron exija nova vacina e o Brasil falhar na continuidade do plano de imuniza\u00e7\u00e3o, \u201co jogo zera e [a Covid] come\u00e7ar\u00e1 a matar de novo, gerando outros milhares de mortos\u201d.<\/p>\n<p>\u201cQuando essa pandemia come\u00e7ou, criamos uma expectativa muito grande, que o mundo se tornaria um lugar mais solid\u00e1rio. Mas, n\u00e3o foi isso que aconteceu\u201d, lamentou L\u00edgia. \u201cAcho que os sindicatos, as centrais sindicais, n\u00f3s, cidad\u00e3os e cidad\u00e3s, temos que partir para cima. N\u00e3o \u00e9 verdade que todo mundo \u00e9 favor\u00e1vel ao SUS\u201d, prosseguiu. \u201cTemos que ser muito objetivos com os candidatos, em 2022, e dizer para eles: \u2018se o senhor candidato, se a senhora candidata n\u00e3o for a favor do SUS, n\u00e3o ter\u00e1 o nosso voto\u2019\u201d, completou.<\/p>\n<p>Gonzalo refor\u00e7ou que o Brasil precisa voltar a investir na aten\u00e7\u00e3o prim\u00e1ria \u00e0 sa\u00fade, sistema onde o paciente \u00e9 colocado como sujeito, na constru\u00e7\u00e3o da sua cura. \u201cConseguimos levar a aten\u00e7\u00e3o prim\u00e1ria a 60% da popula\u00e7\u00e3o, mas isso est\u00e1 sendo desmontado desde o primeiro dia desse governo\u201d, pontuou o m\u00e9dico. \u201cPrecisamos garantir que a aten\u00e7\u00e3o prim\u00e1ria alcance 80% da popula\u00e7\u00e3o, considerando que 23% tem plano de sa\u00fade\u201d, destacou.<\/p>\n<p>\u201cO SUS \u00e9 fant\u00e1stico, \u00e9 de onde veio a vacina\u00e7\u00e3o, de onde veio o acompanhamento das doen\u00e7as, atrav\u00e9s da vigil\u00e2ncia epidemiol\u00f3gica, de onde vem a seguran\u00e7a de tudo que a gente consome, atrav\u00e9s da vigil\u00e2ncia sanit\u00e1ria, \u00e9 de onde vem boa parte da alta complexidade\u201d, completou. Gonzalo ainda destacou que, apesar de 23% da popula\u00e7\u00e3o ter planos de sa\u00fade, 95% dos transplantes s\u00e3o feitos pelo SUS, assim como 95% das hemodi\u00e1lises e a distribui\u00e7\u00e3o de 100% dos medicamentos de alto custo.<\/p>\n<\/div>\n<\/div>\n<div class=\"elementor-element elementor-element-76b46e1 elementor-widget elementor-widget-post-info\" data-id=\"76b46e1\" data-element_type=\"widget\" data-widget_type=\"post-info.default\"><strong>Fonte: Contraf-CUT<\/strong><\/div>\n","protected":false},"excerpt":{"rendered":"<p>O dif\u00edcil enfrentamento \u00e0 pandemia da Covid-19, que tirou a vida de mais de 600 mil pessoas no Brasil, exp\u00f4s a fragilidade dos sistemas de sa\u00fade p\u00fablicos e privados, revelou as desigualdades entre os planos de sa\u00fade e refor\u00e7ou o debate nacional sobre a import\u00e2ncia do Sistema \u00danico de Sa\u00fade (SUS) e do investimento em [&hellip;]<\/p>\n","protected":false},"author":2,"featured_media":11836,"comment_status":"","ping_status":"","sticky":false,"template":"","format":"standard","meta":{"footnotes":""},"categories":[3],"tags":[],"class_list":["post-11837","post","type-post","status-publish","format-standard","has-post-thumbnail","hentry","category-noticias"],"_links":{"self":[{"href":"https:\/\/hostnetart.com.br\/baixada\/wp-json\/wp\/v2\/posts\/11837","targetHints":{"allow":["GET"]}}],"collection":[{"href":"https:\/\/hostnetart.com.br\/baixada\/wp-json\/wp\/v2\/posts"}],"about":[{"href":"https:\/\/hostnetart.com.br\/baixada\/wp-json\/wp\/v2\/types\/post"}],"author":[{"embeddable":true,"href":"https:\/\/hostnetart.com.br\/baixada\/wp-json\/wp\/v2\/users\/2"}],"replies":[{"embeddable":true,"href":"https:\/\/hostnetart.com.br\/baixada\/wp-json\/wp\/v2\/comments?post=11837"}],"version-history":[{"count":0,"href":"https:\/\/hostnetart.com.br\/baixada\/wp-json\/wp\/v2\/posts\/11837\/revisions"}],"wp:featuredmedia":[{"embeddable":true,"href":"https:\/\/hostnetart.com.br\/baixada\/wp-json\/wp\/v2\/media\/11836"}],"wp:attachment":[{"href":"https:\/\/hostnetart.com.br\/baixada\/wp-json\/wp\/v2\/media?parent=11837"}],"wp:term":[{"taxonomy":"category","embeddable":true,"href":"https:\/\/hostnetart.com.br\/baixada\/wp-json\/wp\/v2\/categories?post=11837"},{"taxonomy":"post_tag","embeddable":true,"href":"https:\/\/hostnetart.com.br\/baixada\/wp-json\/wp\/v2\/tags?post=11837"}],"curies":[{"name":"wp","href":"https:\/\/api.w.org\/{rel}","templated":true}]}}