{"id":11827,"date":"2021-11-29T18:27:35","date_gmt":"2021-11-29T21:27:35","guid":{"rendered":"https:\/\/hostnetart.com.br\/baixada\/sextou-do-bancario-esta-em-risco\/"},"modified":"2021-11-29T18:27:35","modified_gmt":"2021-11-29T21:27:35","slug":"sextou-do-bancario-esta-em-risco","status":"publish","type":"post","link":"https:\/\/hostnetart.com.br\/baixada\/sextou-do-bancario-esta-em-risco\/","title":{"rendered":"\u201cSextou\u201d do banc\u00e1rio est\u00e1 em risco"},"content":{"rendered":"<p>A apresenta\u00e7\u00e3o do relat\u00f3rio do deputado Fabio Ramalho (MDB\/MG) na Comiss\u00e3o de Defesa do Consumidor da C\u00e2mara dos Deputados, indicando a aprova\u00e7\u00e3o do\u00a0<a href=\"https:\/\/www.camara.leg.br\/proposicoesWeb\/fichadetramitacao?idProposicao=2192746\" target=\"_blank\" rel=\"noopener noreferrer\">Projeto de Lei 1043\/2019<\/a>, que autoriza a abertura de ag\u00eancias e o trabalho banc\u00e1rio aos s\u00e1bados e domingos, est\u00e1 agendada para a pr\u00f3xima quinta-feira (2\/12). O autor do projeto \u00e9 o deputado David Soares (DEM\/SP), filho do pastor R.R. Soares.<\/p>\n<p>\u201cPrecisamos mostrar nossa indigna\u00e7\u00e3o contra mais esse ataque aos trabalhadores da categoria e, nas bases destes deputados, fazermos um trabalho intenso junto aos banc\u00e1rios e banc\u00e1rias para mostrarmos quem \u00e9 que apresenta propostas que os prejudicam\u201d, disse o secret\u00e1rio de Rela\u00e7\u00f5es do Trabalho da Confedera\u00e7\u00e3o Nacional dos Trabalhadores do Ramo Financeiro (Contraf-CUT), Jeferson Meira, o Jef\u00e3o, ressaltando que a Contraf-CUT e os sindicatos e federa\u00e7\u00f5es que fazem parte do Comando Nacional dos Banc\u00e1rios j\u00e1 vem fazendo um trabalho de mobiliza\u00e7\u00e3o e desconstru\u00e7\u00e3o de mais esse ataque \u00e0 jornada de trabalho da categoria.<\/p>\n<p>Para Jef\u00e3o, o projeto vai sobrecarregar ainda mais banc\u00e1rios e banc\u00e1rias que j\u00e1 est\u00e3o adoecendo devido \u00e0 press\u00e3o e o ass\u00e9dio moral da cobran\u00e7a de metas. \u201cSe um projeto como este for aprovado, a press\u00e3o pelo cumprimento de metas aumentar\u00e1 ainda mais e trar\u00e1 um grande preju\u00edzo \u00e0 categoria\u201d, ressaltou, acrescentando estes parlamentares desconhecem totalmente o trabalho da categoria banc\u00e1ria, que nunca parou de trabalhar durante a pandemia se expondo \u00e0s mais diversas situa\u00e7\u00f5es de risco. \u201cO que deveriam fazer era uma mo\u00e7\u00e3o de agradecimento aos banc\u00e1rios e banc\u00e1rias\u201d, disse.<\/p>\n<h3>Mostre sua indigna\u00e7\u00e3o<\/h3>\n<p>O dirigente da Contraf-CUT conclama toda a categoria acessar o site da C\u00e2mara dos Deputados e mostrar sua discord\u00e2ncia com o projeto. \u201cBasta\u00a0<a href=\"https:\/\/forms.camara.leg.br\/ex\/enquetes\/2192746\" target=\"_blank\" rel=\"noopener noreferrer\">acessar o link<\/a>, se cadastrar e clicar em \u2018discordo totalmente\u2019. Mas, tamb\u00e9m \u00e9 poss\u00edvel mandar e-mails e ligarem para o\u00a0<a href=\"https:\/\/www.camara.leg.br\/deputados\/141427\" target=\"_blank\" rel=\"noopener noreferrer\">relator<\/a>\u00a0do projeto mostrando a sua insatisfa\u00e7\u00e3o\u201d, disse.<\/p>\n<h3>Ataque cont\u00ednuo<\/h3>\n<p>A possibilidade de abertura das ag\u00eancias banc\u00e1rias aos s\u00e1bados e domingos j\u00e1 foi aventada diversas vezes no Congresso, tanto por meio de projetos de lei,\u00a0<a href=\"https:\/\/contrafcut.com.br\/noticias\/projeto-de-lei-que-autoriza-a-abertura-dos-bancos-aos-sabados-e-retirado-da-paut-9b64?swcfpc=1\" target=\"_blank\" rel=\"noopener noreferrer\">como o PLS 203\/2017<\/a>, quanto por medidas provis\u00f3rias (<a href=\"https:\/\/contrafcut.com.br\/noticias\/camara-aprova-mp-da-exploracao?swcfpc=1\" target=\"_blank\" rel=\"noopener noreferrer\">MP 881\/2019<\/a>\u00a0e\u00a0<a href=\"https:\/\/contrafcut.com.br\/noticias\/relatorio-da-mp-905-e-prejudicial-aos-trabalhadores\/?swcfpc=1\" target=\"_blank\" rel=\"noopener noreferrer\">MP 905\/2019<\/a>) encaminhadas pelo governo Bolsonaro e foi derrubada gra\u00e7as \u00e0 press\u00e3o dos trabalhadores e seus representantes sindicais.<\/p>\n<p>Para a presidenta Contraf-CUT, Juvandia Moreira, que tamb\u00e9m \u00e9 uma das coordenadoras do Comando Nacional dos Banc\u00e1rios, a proposta visa atender interesses do mercado financeiro. \u201c\u00c9 coisa deste governo, que governa s\u00f3 para os ricos. Hoje, os bancos j\u00e1 obt\u00eam lucros astron\u00f4micos com cobran\u00e7a de metas absurdas dos banc\u00e1rios. Eles querem realizar essa mesma pr\u00e1tica aos s\u00e1bados e domingos para aumentar ainda mais seus lucros, sem pensar na sa\u00fade e nas condi\u00e7\u00f5es de trabalho da categoria\u201d, disse.<\/p>\n<h3>Acordos<\/h3>\n<p>O principal argumento de quem defende a abertura dos bancos aos finais de semana \u00e9 a necessidade de eventos que necessitem de servi\u00e7os banc\u00e1rios nestes dias. Mas, a presidenta da Contraf-CUT lembrou, que para casos espec\u00edficos, como a abertura durante eventos aos finais de semana e para o funcionamento de centrais de teleatendimento, j\u00e1 existem acordos espec\u00edficos negociados com as entidades de representa\u00e7\u00e3o dos trabalhadores e que, por isso, n\u00e3o h\u00e1 necessidade de altera\u00e7\u00e3o na lei.<\/p>\n<h3>Hist\u00f3rico<\/h3>\n<p>O PL 1043 tramita desde 2019, mas foi engavetado at\u00e9 este ano ap\u00f3s interven\u00e7\u00e3o da Contraf-CUT junto ao antigo relator, o deputado Jo\u00e3o Carlos Bacelar (PL\/BA). Como ele n\u00e3o pertence mais \u00e0 CDC, o deputado F\u00e1bio Ramalho foi designado como novo relator.<\/p>\n<p>\u201cF\u00e1bio Ramalho j\u00e1 havia apresentado um relat\u00f3rio contr\u00e1rio, que foi devolvido para adequa\u00e7\u00f5es, mas, de forma surpreendente, mudou de posi\u00e7\u00e3o e fez um relat\u00f3rio pela aprova\u00e7\u00e3o, que tamb\u00e9m foi devolvido, e agora, em forma de substitutivo, deu parecer favor\u00e1vel novamente para que as ag\u00eancias sejam abertas aos s\u00e1bados e domingos colocando em xeque o descanso semanal dos banc\u00e1rios e banc\u00e1rias\u201d, explicou Jef\u00e3o.<\/p>\n<p><strong>Fonte: Contraf-CUT<\/strong><\/p>\n","protected":false},"excerpt":{"rendered":"<p>A apresenta\u00e7\u00e3o do relat\u00f3rio do deputado Fabio Ramalho (MDB\/MG) na Comiss\u00e3o de Defesa do Consumidor da C\u00e2mara dos Deputados, indicando a aprova\u00e7\u00e3o do\u00a0Projeto de Lei 1043\/2019, que autoriza a abertura de ag\u00eancias e o trabalho banc\u00e1rio aos s\u00e1bados e domingos, est\u00e1 agendada para a pr\u00f3xima quinta-feira (2\/12). O autor do projeto \u00e9 o deputado David [&hellip;]<\/p>\n","protected":false},"author":2,"featured_media":11826,"comment_status":"","ping_status":"","sticky":false,"template":"","format":"standard","meta":{"footnotes":""},"categories":[3],"tags":[],"class_list":["post-11827","post","type-post","status-publish","format-standard","has-post-thumbnail","hentry","category-noticias"],"_links":{"self":[{"href":"https:\/\/hostnetart.com.br\/baixada\/wp-json\/wp\/v2\/posts\/11827","targetHints":{"allow":["GET"]}}],"collection":[{"href":"https:\/\/hostnetart.com.br\/baixada\/wp-json\/wp\/v2\/posts"}],"about":[{"href":"https:\/\/hostnetart.com.br\/baixada\/wp-json\/wp\/v2\/types\/post"}],"author":[{"embeddable":true,"href":"https:\/\/hostnetart.com.br\/baixada\/wp-json\/wp\/v2\/users\/2"}],"replies":[{"embeddable":true,"href":"https:\/\/hostnetart.com.br\/baixada\/wp-json\/wp\/v2\/comments?post=11827"}],"version-history":[{"count":0,"href":"https:\/\/hostnetart.com.br\/baixada\/wp-json\/wp\/v2\/posts\/11827\/revisions"}],"wp:featuredmedia":[{"embeddable":true,"href":"https:\/\/hostnetart.com.br\/baixada\/wp-json\/wp\/v2\/media\/11826"}],"wp:attachment":[{"href":"https:\/\/hostnetart.com.br\/baixada\/wp-json\/wp\/v2\/media?parent=11827"}],"wp:term":[{"taxonomy":"category","embeddable":true,"href":"https:\/\/hostnetart.com.br\/baixada\/wp-json\/wp\/v2\/categories?post=11827"},{"taxonomy":"post_tag","embeddable":true,"href":"https:\/\/hostnetart.com.br\/baixada\/wp-json\/wp\/v2\/tags?post=11827"}],"curies":[{"name":"wp","href":"https:\/\/api.w.org\/{rel}","templated":true}]}}