{"id":11825,"date":"2021-11-29T14:29:53","date_gmt":"2021-11-29T17:29:53","guid":{"rendered":"https:\/\/hostnetart.com.br\/baixada\/volta-ao-trabalho-presencial-dos-grupos-de-risco-e-preocupante\/"},"modified":"2021-11-29T14:29:53","modified_gmt":"2021-11-29T17:29:53","slug":"volta-ao-trabalho-presencial-dos-grupos-de-risco-e-preocupante","status":"publish","type":"post","link":"https:\/\/hostnetart.com.br\/baixada\/volta-ao-trabalho-presencial-dos-grupos-de-risco-e-preocupante\/","title":{"rendered":"Volta ao trabalho presencial dos grupos de risco \u00e9 preocupante"},"content":{"rendered":"<p>Alguns bancos est\u00e3o exigindo que colegas de grupo de risco, com comorbidades, voltem ao trabalho presencial, apesar dos riscos com a pandemia da Covid-19. A volta de banc\u00e1rias e banc\u00e1rios desses grupos de risco preocupa o movimento sindical banc\u00e1rio, que defende a revis\u00e3o dessas medidas. A volta ao trabalho presencial dos grupos de risco ser\u00e1 tema de discuss\u00e3o da reuni\u00e3o, nesta segunda-feira (29), do Comando Nacional dos Banc\u00e1rios com a Comiss\u00e3o Nacional de Negocia\u00e7\u00f5es da Federa\u00e7\u00e3o Nacional dos Bancos (Fenaban).<\/p>\n<p>No in\u00edcio da pandemia, em 2020, uma das primeiras medidas adotadas na categoria foi proteger os grupos de risco.<\/p>\n<p>Pa\u00edses da Europa e da \u00c1sia Central j\u00e1 enfrentam uma nova onda de infec\u00e7\u00f5es e mortes causadas pela Covid-19. Os pa\u00edses dessas regi\u00f5es foram respons\u00e1veis por cerca de 60% dos novos casos da doen\u00e7a e metade das mortes nas \u00faltimas semanas, de acordo com levantamento descrito pela Fiocruz. T\u00e9cnicos da Fiocruz orientam que seja possibilitado a perman\u00eancia do trabalho em casa para os grupos de risco.<\/p>\n<p>Outra preocupa\u00e7\u00e3o \u00e9 com a nova variante do coronav\u00edrus identificada esta semana na \u00c1frica do Sul e que pode ter uma capacidade ainda maior de cont\u00e1gio do que as variantes anteriormente identificadas.<\/p>\n<p>O diretor-geral da Organiza\u00e7\u00e3o Mundial de Sa\u00fade (OMS), Tedros Adhanom, manifestou preocupa\u00e7\u00e3o com a falta de cuidados para a preven\u00e7\u00e3o da doen\u00e7a. \u201cAs vacinas salvam vidas, mas n\u00e3o evitam totalmente a transmiss\u00e3o da Covid-19. Estamos preocupados, em muitos pa\u00edses e comunidades, com a falsa sensa\u00e7\u00e3o de seguran\u00e7a de que as vacinas acabaram com a pandemia da Covid-19 e que os vacinados n\u00e3o precisam tomar quaisquer outros cuidados\u201d, afirmou o diretor-geral da OMS.<\/p>\n","protected":false},"excerpt":{"rendered":"<p>Alguns bancos est\u00e3o exigindo que colegas de grupo de risco, com comorbidades, voltem ao trabalho presencial, apesar dos riscos com a pandemia da Covid-19. A volta de banc\u00e1rias e banc\u00e1rios desses grupos de risco preocupa o movimento sindical banc\u00e1rio, que defende a revis\u00e3o dessas medidas. A volta ao trabalho presencial dos grupos de risco ser\u00e1 [&hellip;]<\/p>\n","protected":false},"author":2,"featured_media":11824,"comment_status":"","ping_status":"","sticky":false,"template":"","format":"standard","meta":{"footnotes":""},"categories":[3],"tags":[],"class_list":["post-11825","post","type-post","status-publish","format-standard","has-post-thumbnail","hentry","category-noticias"],"_links":{"self":[{"href":"https:\/\/hostnetart.com.br\/baixada\/wp-json\/wp\/v2\/posts\/11825","targetHints":{"allow":["GET"]}}],"collection":[{"href":"https:\/\/hostnetart.com.br\/baixada\/wp-json\/wp\/v2\/posts"}],"about":[{"href":"https:\/\/hostnetart.com.br\/baixada\/wp-json\/wp\/v2\/types\/post"}],"author":[{"embeddable":true,"href":"https:\/\/hostnetart.com.br\/baixada\/wp-json\/wp\/v2\/users\/2"}],"replies":[{"embeddable":true,"href":"https:\/\/hostnetart.com.br\/baixada\/wp-json\/wp\/v2\/comments?post=11825"}],"version-history":[{"count":0,"href":"https:\/\/hostnetart.com.br\/baixada\/wp-json\/wp\/v2\/posts\/11825\/revisions"}],"wp:featuredmedia":[{"embeddable":true,"href":"https:\/\/hostnetart.com.br\/baixada\/wp-json\/wp\/v2\/media\/11824"}],"wp:attachment":[{"href":"https:\/\/hostnetart.com.br\/baixada\/wp-json\/wp\/v2\/media?parent=11825"}],"wp:term":[{"taxonomy":"category","embeddable":true,"href":"https:\/\/hostnetart.com.br\/baixada\/wp-json\/wp\/v2\/categories?post=11825"},{"taxonomy":"post_tag","embeddable":true,"href":"https:\/\/hostnetart.com.br\/baixada\/wp-json\/wp\/v2\/tags?post=11825"}],"curies":[{"name":"wp","href":"https:\/\/api.w.org\/{rel}","templated":true}]}}