{"id":11823,"date":"2021-11-26T22:59:53","date_gmt":"2021-11-27T01:59:53","guid":{"rendered":"https:\/\/hostnetart.com.br\/baixada\/sindicato-dos-bancarios-da-baixada-fluminense-lamenta-a-morte-do-coordenador-geral-alcyon-costa\/"},"modified":"2021-11-26T22:59:53","modified_gmt":"2021-11-27T01:59:53","slug":"sindicato-dos-bancarios-da-baixada-fluminense-lamenta-a-morte-do-coordenador-geral-alcyon-costa","status":"publish","type":"post","link":"https:\/\/hostnetart.com.br\/baixada\/sindicato-dos-bancarios-da-baixada-fluminense-lamenta-a-morte-do-coordenador-geral-alcyon-costa\/","title":{"rendered":"Sindicato dos Banc\u00e1rios da Baixada Fluminense lamenta a morte do Coordenador Geral, Alcyon Costa"},"content":{"rendered":"<p>\u00c9 com imensa tristeza que comunicamos o falecimento do Coordenador Geral do Sindicato dos Banc\u00e1rios da Baixada Fluminense, Alcyon Costa, nesta sexta-feira, 26 de novembro de 2021.<\/p>\n<p>Alcyon era funcion\u00e1rio do Banco Ita\u00fa e teve uma trajet\u00f3ria de lutas, conquistas e de defesa pelos direitos dos trabalhadores, lutando incansavelmente por uma sociedade mais justa.<\/p>\n<p>Neste momento dif\u00edcil que o pa\u00eds e o mundo vivem, a perda de um companheiro leal e dedicado \u00e9 imensur\u00e1vel.\u00a0<\/p>\n<p>Alcyon era uma refer\u00eancia, n\u00e3o somente na Baixada Fluminense, como para todo o movimento sindical.<\/p>\n<p>Maiores informa\u00e7\u00f5es, como vel\u00f3rio e sepultamento, ser\u00e3o divulgadas posteriormente.<\/p>\n<p>O Sindicato dos Banc\u00e1rios da Baixada Fluminense expressa toda sua solidariedade com a fam\u00edlia e amigos do companheiro Alcyon Costa.<\/p>\n<p>ALCYON PRESENTE!\u00a0<\/p>\n","protected":false},"excerpt":{"rendered":"<p>\u00c9 com imensa tristeza que comunicamos o falecimento do Coordenador Geral do Sindicato dos Banc\u00e1rios da Baixada Fluminense, Alcyon Costa, nesta sexta-feira, 26 de novembro de 2021. Alcyon era funcion\u00e1rio do Banco Ita\u00fa e teve uma trajet\u00f3ria de lutas, conquistas e de defesa pelos direitos dos trabalhadores, lutando incansavelmente por uma sociedade mais justa. Neste [&hellip;]<\/p>\n","protected":false},"author":2,"featured_media":11822,"comment_status":"","ping_status":"","sticky":false,"template":"","format":"standard","meta":{"footnotes":""},"categories":[3],"tags":[],"class_list":["post-11823","post","type-post","status-publish","format-standard","has-post-thumbnail","hentry","category-noticias"],"_links":{"self":[{"href":"https:\/\/hostnetart.com.br\/baixada\/wp-json\/wp\/v2\/posts\/11823","targetHints":{"allow":["GET"]}}],"collection":[{"href":"https:\/\/hostnetart.com.br\/baixada\/wp-json\/wp\/v2\/posts"}],"about":[{"href":"https:\/\/hostnetart.com.br\/baixada\/wp-json\/wp\/v2\/types\/post"}],"author":[{"embeddable":true,"href":"https:\/\/hostnetart.com.br\/baixada\/wp-json\/wp\/v2\/users\/2"}],"replies":[{"embeddable":true,"href":"https:\/\/hostnetart.com.br\/baixada\/wp-json\/wp\/v2\/comments?post=11823"}],"version-history":[{"count":0,"href":"https:\/\/hostnetart.com.br\/baixada\/wp-json\/wp\/v2\/posts\/11823\/revisions"}],"wp:featuredmedia":[{"embeddable":true,"href":"https:\/\/hostnetart.com.br\/baixada\/wp-json\/wp\/v2\/media\/11822"}],"wp:attachment":[{"href":"https:\/\/hostnetart.com.br\/baixada\/wp-json\/wp\/v2\/media?parent=11823"}],"wp:term":[{"taxonomy":"category","embeddable":true,"href":"https:\/\/hostnetart.com.br\/baixada\/wp-json\/wp\/v2\/categories?post=11823"},{"taxonomy":"post_tag","embeddable":true,"href":"https:\/\/hostnetart.com.br\/baixada\/wp-json\/wp\/v2\/tags?post=11823"}],"curies":[{"name":"wp","href":"https:\/\/api.w.org\/{rel}","templated":true}]}}