{"id":1182,"date":"2013-07-05T00:00:00","date_gmt":"2013-07-05T03:00:00","guid":{"rendered":"https:\/\/hostnetart.com.br\/baixada\/nao-ao-pl-4330\/"},"modified":"2013-07-05T00:00:00","modified_gmt":"2013-07-05T03:00:00","slug":"nao-ao-pl-4330","status":"publish","type":"post","link":"https:\/\/hostnetart.com.br\/baixada\/nao-ao-pl-4330\/","title":{"rendered":"N\u00c3O AO PL 4330"},"content":{"rendered":"<p>Seguindo orienta\u00e7\u00e3o da Contraf-CUT, os banc\u00e1rios fizeram paralisa\u00e7\u00f5es e manifesta\u00e7\u00f5es em todo o pa\u00eds nesta quinta-feira 4 contra o projeto de lei 4330 e o substitutivo do deputado Artur Maia (PMDB-BA), que regulamenta a terceiriza\u00e7\u00e3o e amea\u00e7a os empregos e direitos dos trabalhadores. Est\u00e1 marcada para a quarta-feira 10 a vota\u00e7\u00e3o do PL na Comiss\u00e3o de Constitui\u00e7\u00e3o, Justi\u00e7a e Cidadania (CCJC) da C\u00e2mara dos Deputados.<\/p>\n<p>\u00a0<\/p>\n<p>Em S\u00e3o Paulo, cerca de 1.500 banc\u00e1rios paralisaram at\u00e9 o meio-dia 60 ag\u00eancias situadas na avenida Paulista, o principal centro financeiro do pa\u00eds. Durante a paralisa\u00e7\u00e3o, juntaram-se a centenas de qu\u00edmicos, petroleiros, professores e metal\u00fargicos que faziam manifesta\u00e7\u00e3o em frente ao pr\u00e9dio da Fiesp, onde foram entregar sua pauta de reivindica\u00e7\u00f5es para a campanha deste ano (foto inferior).<\/p>\n<p>\u00a0<\/p>\n<p>\u201c\u00c9 muito importante essa uni\u00e3o de banc\u00e1rios, metal\u00fargicos e demais categorias para derrotar o PL 4330, que se for aprovado vai precarizar o emprego de todos os trabalhadores. O Brasil \u00e9 a sexta maior economia e um dos 12 pa\u00edses com a pior distribui\u00e7\u00e3o de renda do mundo. A aprova\u00e7\u00e3o da PL 4330 vai aumentar ainda mais a concentra\u00e7\u00e3o de renda\u201d, denunciou Carlos Cordeiro, presidente da Contraf-CUT, de cima do caminh\u00e3o de som dos metal\u00fargicos (foto superior).<\/p>\n<p>\u00a0<\/p>\n<p>\u201cPor isso \u00e9 fundamental que todos os trabalhadores pressionem os parlamentares e enviem delega\u00e7\u00f5es a Bras\u00edlia para barrar a vota\u00e7\u00e3o do projeto de lei\u201d, acrescentou Carlos Cordeiro.<\/p>\n<p>\u00a0<\/p>\n<p>Os banc\u00e1rios tamb\u00e9m paralisaram o centro financeiro do Rio de Janeiro durante toda a manh\u00e3, realizando manifesta\u00e7\u00e3o contra o projeto de lei da terceiriza\u00e7\u00e3o que reuniu dirigentes sindicais de todo o interior fluminense.<\/p>\n<p>\u00a0<\/p>\n<p>Al\u00e9m de S\u00e3o Paulo e Rio de Janeiro, houve paralisa\u00e7\u00f5es e manifesta\u00e7\u00f5es em Curitiba, Porto Alegre, Fortaleza, Bel\u00e9m, Londrina, Santos, Campo Grande, Cuiab\u00e1, Porto Velho, Niter\u00f3i, Campinas, Piracicaba, ABC e Barretos, entre dezenas de outras capitais e grandes cidades do pa\u00eds.<\/p>\n<p>\u00a0<\/p>\n<p>\u00a0<\/p>\n<p><strong>Vota\u00e7\u00e3o na CCJC da C\u00e2mara ser\u00e1 no dia 10<\/strong><\/p>\n<p>\u00a0<\/p>\n<p>Prevista inicialmente para a ter\u00e7a-feira 9, a vota\u00e7\u00e3o do PL 4330 Comiss\u00e3o de Constitui\u00e7\u00e3o e Justi\u00e7a e de Cidadania (CCJC) da C\u00e2mara dos Deputados foi transferida para a quarta 10. A decis\u00e3o foi tomada durante a primeira reuni\u00e3o quatripartite, criada pelo governo federal e tamb\u00e9m integrada pelas centrais sindicais, empres\u00e1rios e parlamentares, realizada nesta quarta-feira 3.<\/p>\n<p>\u00a0<\/p>\n<p>Foi decidida na reuni\u00e3o a forma\u00e7\u00e3o de um grupo de trabalho composto por 3 trabalhadores, 3 parlamentares, 3 representantes do governo e 3 empres\u00e1rios, que v\u00e3o se reunir nos dias 5, 8 e 9 para negociar altera\u00e7\u00f5es no PL 4330.<\/p>\n<p>\u00a0<\/p>\n<p>As premissas que nortear\u00e3o as centrais sindicais nesses debates s\u00e3o as mesmas que consolidaram o PL das centrais, entre elas informa\u00e7\u00e3o e negocia\u00e7\u00e3o pr\u00e9via no caso das terceiriza\u00e7\u00f5es, proibi\u00e7\u00e3o das terceiriza\u00e7\u00f5es nas atividades-fim das empresas, igualdade salarial, de direitos e de tratamento entre os trabalhadores contratados diretamente e os terceirizados, estabelecimento da responsabilidade solid\u00e1ria entre tomadores e prestadores de servi\u00e7os e defini\u00e7\u00e3o de puni\u00e7\u00e3o \u00e0s empresas infratoras.<\/p>\n<p>\u00a0<\/p>\n<p>Tanto parlamentares quanto empres\u00e1rios fizeram quest\u00e3o de afirmar que, se n\u00e3o houver consenso at\u00e9 o dia 9, o PL 4330 ser\u00e1 votado na CCJC da C\u00e2mara no dia 10. Caso as negocia\u00e7\u00f5es avancem, a vota\u00e7\u00e3o pode ser adiada novamente por um per\u00edodo maior at\u00e9 que as partes cheguem a um acordo.<\/p>\n<p>\u00a0<\/p>\n<p>\u00a0<\/p>\n<p><strong>Intensificar a mobiliza\u00e7\u00e3o em todo pa\u00eds<\/strong><\/p>\n<p>\u00a0<\/p>\n<p>\u201cPrecisamos intensificar a mobiliza\u00e7\u00e3o em todo o pa\u00eds, realizando paralisa\u00e7\u00f5es e enviando cartas e mensagens aos parlamentes, mostrando os preju\u00edzos irrepar\u00e1veis que esse projeto trar\u00e1, se aprovado, n\u00e3o somente aos banc\u00e1rios para toda a classe trabalhadora\u201d, salienta Miguel Pereira, secret\u00e1rio de Organiza\u00e7\u00e3o do Ramo Financeiro da Contraf-CUT.<\/p>\n<p>\u00a0<\/p>\n<p>A Confedera\u00e7\u00e3o enviou nesta quinta 4 novo comunicado a suas entidades filiadas, reiterando a import\u00e2ncia da presen\u00e7a massiva de banc\u00e1rios em Bras\u00edlia nos dias 9 e 10 para participarem de diversas atividades que est\u00e3o sendo organizadas pela CUT e pela Contraf-CUT.<\/p>\n<p>\u00a0<\/p>\n<p>Outra iniciativa da Confedera\u00e7\u00e3o foi o envio de correspond\u00eancia a todos os parlamentares, cobrando seu posicionamento com rela\u00e7\u00e3o ao PL 4330, se favor\u00e1veis ou contr\u00e1rios. A inten\u00e7\u00e3o \u00e9 a divulga\u00e7\u00e3o de pain\u00e9is e nos pr\u00f3prios sites das entidades filiadas, por todo o pa\u00eds, de como pensa e vota cada parlamentar nessa importante quest\u00e3o.<\/p>\n<p>\u00a0<\/p>\n<p>O mesmo texto enviado aos parlamentares foi repassado \u00e0s federa\u00e7\u00f5es e sindicatos para reproduzirem o mesmo pedido de posicionamento.<\/p>\n<p>\u00a0<\/p>\n<p><a href=\"http:\/\/www2.camara.leg.br\/atividade-legislativa\/comissoes\/comissoes-permanentes\/ccjc\/conheca\/membros\" target=\"_blank\" rel=\"noopener noreferrer\">Clique aqui<\/a>\u00a0para contatar os deputados da CCJC.<\/p>\n<p>\u00a0<\/p>\n<p>A press\u00e3o contra o PL 4330 tamb\u00e9m integra a pauta unit\u00e1ria das centrais sindicais, que est\u00e3o organizando o dia nacional de luta, a ser realizado na pr\u00f3xima quinta (11).<\/p>\n<p>\u00a0<\/p>\n<p>Fonte: Contraf-CUT<\/p>\n","protected":false},"excerpt":{"rendered":"<p>Seguindo orienta\u00e7\u00e3o da Contraf-CUT, os banc\u00e1rios fizeram paralisa\u00e7\u00f5es e manifesta\u00e7\u00f5es em todo o pa\u00eds nesta quinta-feira 4 contra o projeto de lei 4330 e o substitutivo do deputado Artur Maia (PMDB-BA), que regulamenta a terceiriza\u00e7\u00e3o e amea\u00e7a os empregos e direitos dos trabalhadores. Est\u00e1 marcada para a quarta-feira 10 a vota\u00e7\u00e3o do PL na Comiss\u00e3o [&hellip;]<\/p>\n","protected":false},"author":1,"featured_media":1181,"comment_status":"","ping_status":"","sticky":false,"template":"","format":"standard","meta":{"footnotes":""},"categories":[3],"tags":[],"class_list":["post-1182","post","type-post","status-publish","format-standard","has-post-thumbnail","hentry","category-noticias"],"_links":{"self":[{"href":"https:\/\/hostnetart.com.br\/baixada\/wp-json\/wp\/v2\/posts\/1182","targetHints":{"allow":["GET"]}}],"collection":[{"href":"https:\/\/hostnetart.com.br\/baixada\/wp-json\/wp\/v2\/posts"}],"about":[{"href":"https:\/\/hostnetart.com.br\/baixada\/wp-json\/wp\/v2\/types\/post"}],"author":[{"embeddable":true,"href":"https:\/\/hostnetart.com.br\/baixada\/wp-json\/wp\/v2\/users\/1"}],"replies":[{"embeddable":true,"href":"https:\/\/hostnetart.com.br\/baixada\/wp-json\/wp\/v2\/comments?post=1182"}],"version-history":[{"count":0,"href":"https:\/\/hostnetart.com.br\/baixada\/wp-json\/wp\/v2\/posts\/1182\/revisions"}],"wp:featuredmedia":[{"embeddable":true,"href":"https:\/\/hostnetart.com.br\/baixada\/wp-json\/wp\/v2\/media\/1181"}],"wp:attachment":[{"href":"https:\/\/hostnetart.com.br\/baixada\/wp-json\/wp\/v2\/media?parent=1182"}],"wp:term":[{"taxonomy":"category","embeddable":true,"href":"https:\/\/hostnetart.com.br\/baixada\/wp-json\/wp\/v2\/categories?post=1182"},{"taxonomy":"post_tag","embeddable":true,"href":"https:\/\/hostnetart.com.br\/baixada\/wp-json\/wp\/v2\/tags?post=1182"}],"curies":[{"name":"wp","href":"https:\/\/api.w.org\/{rel}","templated":true}]}}