{"id":11817,"date":"2021-11-25T18:33:57","date_gmt":"2021-11-25T21:33:57","guid":{"rendered":"https:\/\/hostnetart.com.br\/baixada\/presidente-da-fetraf-rj-es-prestigia-feijoada-no-sindicato-dos-bancarios-da-baixada-fluminense\/"},"modified":"2021-11-25T18:33:57","modified_gmt":"2021-11-25T21:33:57","slug":"presidente-da-fetraf-rj-es-prestigia-feijoada-no-sindicato-dos-bancarios-da-baixada-fluminense","status":"publish","type":"post","link":"https:\/\/hostnetart.com.br\/baixada\/presidente-da-fetraf-rj-es-prestigia-feijoada-no-sindicato-dos-bancarios-da-baixada-fluminense\/","title":{"rendered":"Presidente da Fetraf RJ\/ES prestigia feijoada no Sindicato dos Banc\u00e1rios da Baixada Fluminense"},"content":{"rendered":"<p>Nilton Dami\u00e3o Esperan\u00e7a, Presidente da Federa\u00e7\u00e3o dos Trabalhadores do Ramo Financeiro dos Estados do Rio de Janeiro e Esp\u00edrito Santo (Fetraf RJ\/ES), esteve presente em Duque de Caxias (RJ), nesta quinta-feira, 25 de novembro, na feijoada que o Sindicato dos Banc\u00e1rios da Baixada Fluminense promove para seus associados e associadas.<\/p>\n<p>Ap\u00f3s um turbulento per\u00edodo de pandemia, que afetou muita gente, o Sindicato voltou a realizar este evento, que j\u00e1 era uma tradi\u00e7\u00e3o entre os banc\u00e1rios e banc\u00e1rias da Baixada Fluminense.<\/p>\n<p>O Sindicato dos Banc\u00e1rios da Baixada Fluminense promove a feijoada em sua sede, em Duque de Caxias, e em sua sub-sede, em Nova Igua\u00e7u.<\/p>\n<p>Nilton Dami\u00e3o agradeceu a receptividade: &#8220;\u00c9 um prazer estar em um sindicato grande e forte como o da Baixada Fluminense. A Federa\u00e7\u00e3o tem a sorte de contar com sindicatos que fortalecem e priorizam sempre o bem-estar dos trabalhadores.&#8221; E prometeu voltar: &#8220;A feijoada estava uma del\u00edcia. Voltarei. Agrade\u00e7o a receptividade de todas e todos os diretores e presentes ao evento. Obrigado&#8221;, finalizou o Presidente da Fetraf RJ\/ES.<\/p>\n<p><img fetchpriority=\"high\" decoding=\"async\" class=\"alignnone size-full wp-image-17106\" src=\"https:\/\/fetrafrjes.org.br\/wp-content\/uploads\/2021\/11\/feijoada-scaled.jpg\" alt=\"\" width=\"2560\" height=\"1920\" \/><\/p>\n<p><strong>Fonte: Fetraf RJ\/ES<\/strong><\/p>\n","protected":false},"excerpt":{"rendered":"<p>Nilton Dami\u00e3o Esperan\u00e7a, Presidente da Federa\u00e7\u00e3o dos Trabalhadores do Ramo Financeiro dos Estados do Rio de Janeiro e Esp\u00edrito Santo (Fetraf RJ\/ES), esteve presente em Duque de Caxias (RJ), nesta quinta-feira, 25 de novembro, na feijoada que o Sindicato dos Banc\u00e1rios da Baixada Fluminense promove para seus associados e associadas. Ap\u00f3s um turbulento per\u00edodo de [&hellip;]<\/p>\n","protected":false},"author":2,"featured_media":11816,"comment_status":"","ping_status":"","sticky":false,"template":"","format":"standard","meta":{"footnotes":""},"categories":[3],"tags":[],"class_list":["post-11817","post","type-post","status-publish","format-standard","has-post-thumbnail","hentry","category-noticias"],"_links":{"self":[{"href":"https:\/\/hostnetart.com.br\/baixada\/wp-json\/wp\/v2\/posts\/11817","targetHints":{"allow":["GET"]}}],"collection":[{"href":"https:\/\/hostnetart.com.br\/baixada\/wp-json\/wp\/v2\/posts"}],"about":[{"href":"https:\/\/hostnetart.com.br\/baixada\/wp-json\/wp\/v2\/types\/post"}],"author":[{"embeddable":true,"href":"https:\/\/hostnetart.com.br\/baixada\/wp-json\/wp\/v2\/users\/2"}],"replies":[{"embeddable":true,"href":"https:\/\/hostnetart.com.br\/baixada\/wp-json\/wp\/v2\/comments?post=11817"}],"version-history":[{"count":0,"href":"https:\/\/hostnetart.com.br\/baixada\/wp-json\/wp\/v2\/posts\/11817\/revisions"}],"wp:featuredmedia":[{"embeddable":true,"href":"https:\/\/hostnetart.com.br\/baixada\/wp-json\/wp\/v2\/media\/11816"}],"wp:attachment":[{"href":"https:\/\/hostnetart.com.br\/baixada\/wp-json\/wp\/v2\/media?parent=11817"}],"wp:term":[{"taxonomy":"category","embeddable":true,"href":"https:\/\/hostnetart.com.br\/baixada\/wp-json\/wp\/v2\/categories?post=11817"},{"taxonomy":"post_tag","embeddable":true,"href":"https:\/\/hostnetart.com.br\/baixada\/wp-json\/wp\/v2\/tags?post=11817"}],"curies":[{"name":"wp","href":"https:\/\/api.w.org\/{rel}","templated":true}]}}