{"id":11815,"date":"2021-11-25T18:23:28","date_gmt":"2021-11-25T21:23:28","guid":{"rendered":"https:\/\/hostnetart.com.br\/baixada\/dia-internacional-para-a-eliminacao-da-violencia-contra-as-mulheres\/"},"modified":"2021-11-25T18:23:28","modified_gmt":"2021-11-25T21:23:28","slug":"dia-internacional-para-a-eliminacao-da-violencia-contra-as-mulheres","status":"publish","type":"post","link":"https:\/\/hostnetart.com.br\/baixada\/dia-internacional-para-a-eliminacao-da-violencia-contra-as-mulheres\/","title":{"rendered":"Dia Internacional para a Elimina\u00e7\u00e3o da Viol\u00eancia contra as Mulheres"},"content":{"rendered":"<p class=\"text\">&#8220;Se me matam, levantarei os bra\u00e7os do t\u00famulo e serei mais forte&#8221;.<\/p>\n<p class=\"text\">Com esta frase, a ativista Minerva Mirabal, da Rep\u00fablica Dominicana, respondeu aos que a advertiram de que o regime do presidente Rafael Le\u00f3nidas Trujillo (1930-1961) iria mat\u00e1-la, no in\u00edcio da d\u00e9cada de 1960.\u00a0<\/p>\n<p class=\"text\">O alerta se concretizou pouco depois. Em 25 de novembro de 1960, seu corpo foi encontrado no fundo de um barranco, no interior de um jipe, junto com os corpos de suas irm\u00e3s, Patria e Maria Teresa, e do motorista Rufino de la Cruz.<\/p>\n<p class=\"text\">A promessa de Minerva parece ter sido cumprida: a morte das irm\u00e3s nas m\u00e3os da pol\u00edcia secreta dominicana \u00e9 considerada por muitos um dos principais fatores que levou ao fim do regime trujillista.<\/p>\n<p class=\"text\">E os nomes das irm\u00e3s Mirabal se converteram em um s\u00edmbolo mundial da luta da mulher.<\/p>\n<p class=\"text\">A cada 25 de novembro, a for\u00e7a de Minerva, Patria e Mar\u00eda Teresa se faz sentir. A data foi declarada pelas Na\u00e7\u00f5es Unidas como o Dia Internacional da N\u00e3o-Viol\u00eancia Contra a Mulher, em homenagem \u00e0s tr\u00eas irm\u00e3s.<\/p>\n<h3>A gota que encheu o copo<\/h3>\n<p class=\"text\">Conhecidas como &#8220;Las Mariposas&#8221; (as borboletas), essas mulheres nascidas em uma fam\u00edlia rica da prov\u00edncia dominicana de Salcedo (hoje chamada de Hermanas Mirabal) tinham forma\u00e7\u00e3o universit\u00e1ria, maridos, filhos e cerca de uma d\u00e9cada de ativismo pol\u00edtico na \u00e9poca em que foram mortas.<\/p>\n<div id=\"image_fbefec84ecfa66c244d64c4190e71434jd1ld09i\" class=\"article__image-embed \">\n<figure><picture><source srcset=\"https:\/\/p2.trrsf.com\/image\/fget\/cf\/648\/0\/images.terra.com\/2021\/11\/25\/87315772-9893773705b5e6cc-5ba9-41b8-96b9-ea61c83e0ddc.jpg\" media=\"(min-width:1280px)\" \/><source srcset=\"https:\/\/p2.trrsf.com\/image\/fget\/cf\/548\/0\/images.terra.com\/2021\/11\/25\/87315772-9893773705b5e6cc-5ba9-41b8-96b9-ea61c83e0ddc.jpg\" media=\"(min-width:1024px)\" \/><source srcset=\"https:\/\/p2.trrsf.com\/image\/fget\/cf\/636\/0\/images.terra.com\/2021\/11\/25\/87315772-9893773705b5e6cc-5ba9-41b8-96b9-ea61c83e0ddc.jpg\" media=\"(min-width:768px)\" \/><source srcset=\"https:\/\/p2.trrsf.com\/image\/fget\/cf\/320\/0\/images.terra.com\/2021\/11\/25\/87315772-9893773705b5e6cc-5ba9-41b8-96b9-ea61c83e0ddc.jpg\" media=\"(min-width:300px)\" \/><img fetchpriority=\"high\" decoding=\"async\" title=\"A pol\u00edcia secreta da Rep\u00fablica Dominicana assassinou as irm\u00e3s Mirabal por ordem de Rafael Le\u00f3nidas Trujillo. Foto: Getty Images\" src=\"https:\/\/p2.trrsf.com\/image\/fget\/cf\/648\/0\/images.terra.com\/2021\/11\/25\/87315772-9893773705b5e6cc-5ba9-41b8-96b9-ea61c83e0ddc.jpg\" alt=\"A pol\u00edcia secreta da Rep\u00fablica Dominicana assassinou as irm\u00e3s Mirabal por ordem de Rafael Le\u00f3nidas Trujillo. Foto: Getty Images\" width=\"648\" height=\"364\" \/><\/picture><figcaption>\n<div class=\"article__image-embed--info\">\n<div class=\"article__image-embed--info__caption\">A pol\u00edcia secreta da Rep\u00fablica Dominicana assassinou as irm\u00e3s Mirabal por ordem de Rafael Le\u00f3nidas Trujillo. Foto: Getty Images<\/div>\n<p><small class=\"article__image-embed--info__copyright\">Foto: BBC News Brasil<\/small><\/div>\n<\/figcaption><\/figure>\n<\/div>\n<p class=\"text\">Duas delas, Minerva e Mar\u00eda Teresa, j\u00e1 haviam passado pela pris\u00e3o em v\u00e1rias ocasi\u00f5es. Uma quarta irm\u00e3, B\u00e9lgica Adela &#8220;Ded\u00e9&#8221; Mirabal, que morreu em 2014, tinha um papel menos ativo na oposi\u00e7\u00e3o e conseguiu salvar-se.<\/p>\n<p class=\"text\">&#8220;Elas tinham uma longa trajet\u00f3ria de conspira\u00e7\u00e3o e resist\u00eancia, muitas pessoas as conheciam&#8221;, explica para a BBC Mundo Luisa de Pe\u00f1a D\u00edaz, diretora do Museu Memorial da Resist\u00eancia Dominicana (MMRD).<\/p>\n<div id=\"ad-container-s3\" class=\"card-ad card-ad-full ad-get-size big-ad-1260\" data-area-ad=\"3\">\n<div class=\"card-ad-full__shadow\">Naquele fat\u00eddico 25 de novembro, funcion\u00e1rios da pol\u00edcia secreta interceptaram o ve\u00edculo que transportava as irm\u00e3s em uma estrada da prov\u00edncia de Salcedo, no norte do pa\u00eds.<\/div>\n<\/div>\n<p class=\"text\">As mulheres foram enforcadas e depois espancadas para que quando o ve\u00edculo fosse jogado no precip\u00edcio a morte parecesse resultado de um acidente de carro.<\/p>\n<p class=\"text\"><strong>Tinham entre 26 e 36 anos e 5 filhos<\/strong><\/p>\n<p class=\"text\">&#8220;Foi um dia terr\u00edvel, porque apesar de sabermos (dos perigos), n\u00e3o pens\u00e1vamos que o crime iria se concretizar&#8221;, disse Ded\u00e9 Mirabal no document\u00e1rio\u00a0<em>Las Mariposas: Las Hermanas Mirabal<\/em>.<\/p>\n<p class=\"text\">&#8220;Eu agarrava os policiais e dizia: n\u00e3o foi um acidente, as assassinaram.&#8221;<\/p>\n<div id=\"image_b31b87e0e567c80f63339a30cd060e5bmi7vphca\" class=\"article__image-embed \">\n<figure><picture><source srcset=\"https:\/\/p2.trrsf.com\/image\/fget\/cf\/648\/0\/images.terra.com\/2021\/11\/25\/1651604284-9893773957c6bdc8-7ee5-41ee-8584-a031de88d1e7.jpg\" media=\"(min-width:1280px)\" \/><source srcset=\"https:\/\/p2.trrsf.com\/image\/fget\/cf\/548\/0\/images.terra.com\/2021\/11\/25\/1651604284-9893773957c6bdc8-7ee5-41ee-8584-a031de88d1e7.jpg\" media=\"(min-width:1024px)\" \/><source srcset=\"https:\/\/p2.trrsf.com\/image\/fget\/cf\/636\/0\/images.terra.com\/2021\/11\/25\/1651604284-9893773957c6bdc8-7ee5-41ee-8584-a031de88d1e7.jpg\" media=\"(min-width:768px)\" \/><source srcset=\"https:\/\/p2.trrsf.com\/image\/fget\/cf\/320\/0\/images.terra.com\/2021\/11\/25\/1651604284-9893773957c6bdc8-7ee5-41ee-8584-a031de88d1e7.jpg\" media=\"(min-width:300px)\" \/><img decoding=\"async\" title=\"O assassinato marcou a vida de Ded\u00e9 Mirabal (que aparece na foto) e a hist\u00f3ria da Rep\u00fablica Dominicana. Foto: Getty Images\" src=\"https:\/\/p2.trrsf.com\/image\/fget\/cf\/648\/0\/images.terra.com\/2021\/11\/25\/1651604284-9893773957c6bdc8-7ee5-41ee-8584-a031de88d1e7.jpg\" alt=\"O assassinato marcou a vida de Ded\u00e9 Mirabal (que aparece na foto) e a hist\u00f3ria da Rep\u00fablica Dominicana. Foto: Getty Images\" width=\"648\" height=\"364\" \/><\/picture><figcaption>\n<div class=\"article__image-embed--info\">\n<div class=\"article__image-embed--info__caption\">O assassinato marcou a vida de Ded\u00e9 Mirabal (que aparece na foto) e a hist\u00f3ria da Rep\u00fablica Dominicana. Foto: Getty Images<\/div>\n<p><small class=\"article__image-embed--info__copyright\">Foto: BBC News Brasil<\/small><\/div>\n<\/figcaption><\/figure>\n<\/div>\n<p class=\"text\">A popularidade das tr\u00eas mulheres, somada ao aumento dos crimes, torturas e desaparecimentos daqueles que se atreviam a se opor ao regime de Trujullio fizeram com que o assassinato marcasse a hist\u00f3ria dominicana.<\/p>\n<p class=\"text\">&#8220;O crime foi t\u00e3o horroroso que as pessoas come\u00e7aram a sentir-se totalmente inseguras, at\u00e9 mesmo aqueles que eram mais pr\u00f3ximos do regime. Porque sequestrar tr\u00eas mulheres, mat\u00e1-las e atir\u00e1-las em um barranco para fazer parecer um acidente \u00e9 horroroso&#8221;, explica De Pe\u00f1a D\u00edaz.<\/p>\n<p class=\"text\">Nas palavras de Julia \u00c1lvarez, escritora americana de origem dominicana, a chave para explicar por que a hist\u00f3ria das irm\u00e3s Mirabal \u00e9 t\u00e3o emblem\u00e1tica \u00e9 que foi dado um rosto humano para a trag\u00e9dia gerada por um regime violento, que n\u00e3o aceitava dissid\u00eancias e que j\u00e1 estava h\u00e1 tr\u00eas d\u00e9cadas cometendo assassinatos no pa\u00eds.<\/p>\n<p class=\"text\">&#8220;Esta hist\u00f3ria foi o &#8216;basta&#8217; para os dominicanos, que disseram: quando nossas irm\u00e3s, nossas filhas, nossas esposas, nossas namoradas n\u00e3o est\u00e3o seguras, para que serve tudo isso?&#8221;, afirma \u00c1lvarez, autora do romance\u00a0<em>El tiempo de las mariposas<\/em>, que inspirou um filme de mesmo nome.<\/p>\n<p class=\"text\">Nesse sentido, a diretora do Museu Memorial da Resist\u00eancia Dominicana afirma que todos os envolvidos na execu\u00e7\u00e3o de Trujillo a tiros, em maio de 1961, &#8220;citam o crime das Mirabal como a \u00faltima gota que fez o copo transbordar&#8221;.<\/p>\n<h3>O que se comemora no dia 25 de novembro<\/h3>\n<p class=\"text\">&#8220;As irm\u00e3s Mirabal levantaram os bra\u00e7os de seus t\u00famulos de um jeito muito forte&#8221;, afirma Pe\u00f1a D\u00edaz.<\/p>\n<p class=\"text\">Hoje Minerva, Patria e Mar\u00eda Teresa s\u00e3o um s\u00edmbolo da Rep\u00fablica Dominicana. No pa\u00eds caribenho, al\u00e9m de uma prov\u00edncia com o nome delas, h\u00e1 um monumento em uma avendia central da capital Santo Domingo e um museu em sua homenagem, que se transforma em local de peregrina\u00e7\u00e3o a cada 25 de novembro.<\/p>\n<p class=\"text\">Al\u00e9m disso, desde 1981 a data de suas mortes se tornou, em toda a Am\u00e9rica Latina, um dia para marcar a luta das mulheres contra a viol\u00eancia.<\/p>\n<div id=\"ad-container-s6\" class=\"card-ad card-ad-full ad-get-size big-ad-1260\" data-area-ad=\"6\">Nesse dia foi realizado o primeiro Encontro Feminista da Am\u00e9rica Latina e do Caribe, em Bogot\u00e1 (Col\u00f4mbia) &#8211; no qual as mulheres denunciaram os abusos de g\u00eanero que sofriam no ambiente dom\u00e9stico, assim como a viola\u00e7\u00e3o e o ass\u00e9dio sexual por parte dos Estados, como a tortura e a pris\u00e3o por motivos pol\u00edticos.<\/div>\n<p class=\"text\">Em 1999, a ONU transformou o dia em uma data comemorativa internacional.<\/p>\n<h3>Cenas dolorosas<\/h3>\n<p class=\"text\">Para a escritora Julia \u00c1lvarez, se as irm\u00e3s Mirabal ainda estivessem vivas, teriam muitos motivos para continuar lutando.<\/p>\n<div id=\"image_c0289a1ccabcba22132be29d876487e7hqzh9rhf\" class=\"article__image-embed \">\n<figure><picture><source srcset=\"https:\/\/p2.trrsf.com\/image\/fget\/cf\/648\/0\/images.terra.com\/2021\/11\/25\/2003934511-9893773854585a30-8def-438f-b74b-14827eace172.jpg\" media=\"(min-width:1280px)\" \/><source srcset=\"https:\/\/p2.trrsf.com\/image\/fget\/cf\/548\/0\/images.terra.com\/2021\/11\/25\/2003934511-9893773854585a30-8def-438f-b74b-14827eace172.jpg\" media=\"(min-width:1024px)\" \/><source srcset=\"https:\/\/p2.trrsf.com\/image\/fget\/cf\/636\/0\/images.terra.com\/2021\/11\/25\/2003934511-9893773854585a30-8def-438f-b74b-14827eace172.jpg\" media=\"(min-width:768px)\" \/><source srcset=\"https:\/\/p2.trrsf.com\/image\/fget\/cf\/320\/0\/images.terra.com\/2021\/11\/25\/2003934511-9893773854585a30-8def-438f-b74b-14827eace172.jpg\" media=\"(min-width:300px)\" \/><img decoding=\"async\" title=\"A imagem das irm\u00e3s Mirabal lembra a situa\u00e7\u00e3o de viol\u00eancia de g\u00eanero na Am\u00e9rica Latina. Foto: AFP\" src=\"https:\/\/p2.trrsf.com\/image\/fget\/cf\/648\/0\/images.terra.com\/2021\/11\/25\/2003934511-9893773854585a30-8def-438f-b74b-14827eace172.jpg\" alt=\"A imagem das irm\u00e3s Mirabal lembra a situa\u00e7\u00e3o de viol\u00eancia de g\u00eanero na Am\u00e9rica Latina. Foto: AFP\" width=\"648\" height=\"364\" \/><\/picture><figcaption>\n<div class=\"article__image-embed--info\">\n<div class=\"article__image-embed--info__caption\">A imagem das irm\u00e3s Mirabal lembra a situa\u00e7\u00e3o de viol\u00eancia de g\u00eanero na Am\u00e9rica Latina. Foto: AFP<\/div>\n<p><small class=\"article__image-embed--info__copyright\">Foto: BBC News Brasil<\/small><\/div>\n<\/figcaption><\/figure>\n<\/div>\n<p class=\"text\">&#8220;No mundo, os direitos de muitas mulheres ainda n\u00e3o s\u00e3o respeitados e muitas n\u00e3o t\u00eam acesso \u00e0 educa\u00e7\u00e3o&#8221;, afirma.<\/p>\n<p class=\"text\">A viol\u00eancia de g\u00eanero chegou a ser classificada como pandemia na Am\u00e9rica Latina. Segundo dados da Organiza\u00e7\u00e3o Panamericana de Sa\u00fade (Opas) de 2013, &#8220;entre um quarto e metade das mulheres declararam ter sofrido alguma vez viol\u00eancia por parte de um companheiro \u00edntimo&#8221;.<\/p>\n<p class=\"text\">Segundo a ONU, em todo o mundo, a viol\u00eancia dentro das pr\u00f3prias casas das mulheres \u00e9 a principal causa de les\u00f5es sofridas por aquelas que t\u00eam entre 15 e 44 anos.<\/p>\n<p class=\"text\">Por isso, indica \u00c1lvarez, mesmo mais de meio s\u00e9culo depois da morte das irm\u00e3s Mirabal, &#8220;ainda \u00e9 tempo das borboletas&#8221;.<\/p>\n<p class=\"text\"><em>*Este texto foi publicado originalmente em 25 de novembro de 2017<\/em><\/p>\n<p class=\"text\"><strong>Fonte: UOL<\/strong><\/p>\n","protected":false},"excerpt":{"rendered":"<p>&#8220;Se me matam, levantarei os bra\u00e7os do t\u00famulo e serei mais forte&#8221;. Com esta frase, a ativista Minerva Mirabal, da Rep\u00fablica Dominicana, respondeu aos que a advertiram de que o regime do presidente Rafael Le\u00f3nidas Trujillo (1930-1961) iria mat\u00e1-la, no in\u00edcio da d\u00e9cada de 1960.\u00a0 O alerta se concretizou pouco depois. Em 25 de novembro [&hellip;]<\/p>\n","protected":false},"author":2,"featured_media":11814,"comment_status":"","ping_status":"","sticky":false,"template":"","format":"standard","meta":{"footnotes":""},"categories":[3],"tags":[],"class_list":["post-11815","post","type-post","status-publish","format-standard","has-post-thumbnail","hentry","category-noticias"],"_links":{"self":[{"href":"https:\/\/hostnetart.com.br\/baixada\/wp-json\/wp\/v2\/posts\/11815","targetHints":{"allow":["GET"]}}],"collection":[{"href":"https:\/\/hostnetart.com.br\/baixada\/wp-json\/wp\/v2\/posts"}],"about":[{"href":"https:\/\/hostnetart.com.br\/baixada\/wp-json\/wp\/v2\/types\/post"}],"author":[{"embeddable":true,"href":"https:\/\/hostnetart.com.br\/baixada\/wp-json\/wp\/v2\/users\/2"}],"replies":[{"embeddable":true,"href":"https:\/\/hostnetart.com.br\/baixada\/wp-json\/wp\/v2\/comments?post=11815"}],"version-history":[{"count":0,"href":"https:\/\/hostnetart.com.br\/baixada\/wp-json\/wp\/v2\/posts\/11815\/revisions"}],"wp:featuredmedia":[{"embeddable":true,"href":"https:\/\/hostnetart.com.br\/baixada\/wp-json\/wp\/v2\/media\/11814"}],"wp:attachment":[{"href":"https:\/\/hostnetart.com.br\/baixada\/wp-json\/wp\/v2\/media?parent=11815"}],"wp:term":[{"taxonomy":"category","embeddable":true,"href":"https:\/\/hostnetart.com.br\/baixada\/wp-json\/wp\/v2\/categories?post=11815"},{"taxonomy":"post_tag","embeddable":true,"href":"https:\/\/hostnetart.com.br\/baixada\/wp-json\/wp\/v2\/tags?post=11815"}],"curies":[{"name":"wp","href":"https:\/\/api.w.org\/{rel}","templated":true}]}}