{"id":11813,"date":"2021-11-25T14:05:59","date_gmt":"2021-11-25T17:05:59","guid":{"rendered":"https:\/\/hostnetart.com.br\/baixada\/promocao-por-merito-na-caixa-ainda-esta-indefinida\/"},"modified":"2021-11-25T14:05:59","modified_gmt":"2021-11-25T17:05:59","slug":"promocao-por-merito-na-caixa-ainda-esta-indefinida","status":"publish","type":"post","link":"https:\/\/hostnetart.com.br\/baixada\/promocao-por-merito-na-caixa-ainda-esta-indefinida\/","title":{"rendered":"Promo\u00e7\u00e3o por m\u00e9rito na Caixa ainda est\u00e1 indefinida"},"content":{"rendered":"<p>O Grupo de Trabalho de Promo\u00e7\u00e3o por M\u00e9rito da Caixa Econ\u00f4mica Federal se reuniu na segunda-feira (22) para dar continuidade \u00e0s negocia\u00e7\u00f5es sobre os crit\u00e9rios a serem adotados para o pagamento dos valores referentes ao Plano de Cargos e Sal\u00e1rios (PCS), \u201cdeltas\u201d. O GT \u00e9 composto de forma parit\u00e1ria por representantes dos trabalhadores e do banco.<\/p>\n<p>A Caixa apresentou proposta considerando o programa de Gest\u00e3o de Desempenho de Pessoas (GDP) como \u00fanico par\u00e2metro a ser utilizado para o c\u00e1lculo, frustrando a representa\u00e7\u00e3o dos empregados.<\/p>\n<p>\u201cA pr\u00f3pria Caixa diz que a GDP \u00e9 utilizada como forma de \u2018educar\u2019 os gestores a fazerem uma avalia\u00e7\u00e3o mais condizente com a realidade. Ou seja, ela n\u00e3o avalia corretamente o desempenho dos empregados. Portanto, n\u00e3o deve ser utilizada como par\u00e2metro para o c\u00e1lculo\u201d, disse o coordenador da representa\u00e7\u00e3o dos empregados no GT, Jo\u00e3o Paulo Pierozan. \u201cAl\u00e9m do mais, a Caixa sequer respondeu sobre nosso questionamento sobre o dia n\u00e3o trabalhado no dia 27 de abril, devido \u00e0 greve. O banco considera o dia como falta n\u00e3o justificada, o que impede que um n\u00famero muito grande de empregados participem do processo de promo\u00e7\u00e3o por m\u00e9rito. N\u00e3o temos como aceitar isso\u201d, completou.<\/p>\n<p>Pela proposta apresentada pelo banco, apenas 62% dos empregados receberiam delta (57% receberia um delta e 5% dois deltas). Neste momento (base outubro\/2021), estes 5% est\u00e3o enquadrados como desempenho excelente na GDP, mas isso pode mudar at\u00e9 o final do ano.<\/p>\n<h3>Curva for\u00e7ada<\/h3>\n<p>\u201cA nova GDP utiliza um mecanismo chamado \u201ccurva for\u00e7ada\u201d, que define que 5% dos empregados, mesmo que tenha cumprido todas as tarefas e as metas propostas n\u00e3o receber\u00e1 o desempenho excelente. N\u00e3o d\u00e1 para aceitar que uma parte dos empregados, mesmo tendo realizado tudo o que foi proposto, seja penalizada\u201d, disse a coordenadora da Comiss\u00e3o Executiva dos Empregados (CEE) da Caixa, Fabiana Uehara Proscholdt, que tamb\u00e9m \u00e9 secret\u00e1ria de Cultura da Confedera\u00e7\u00e3o Nacional dos Trabalhadores do Ramo Financeiro (Contraf-CUT).<\/p>\n<p>\u201cO mais razo\u00e1vel \u00e9 que a dire\u00e7\u00e3o da empresa garanta um delta para todos os empregados eleg\u00edveis, assim como foi feito no ano base 2020\u201d, completou Pierozan.<\/p>\n<h3>Atraso na negocia\u00e7\u00e3o<\/h3>\n<p>J\u00e1 em abril de 2021, quando foi efetuado o pagamento referente ao ano base 2020, o movimento sindical cobrava que a Caixa iniciasse as negocia\u00e7\u00f5es para a defini\u00e7\u00e3o dos crit\u00e9rios da Promo\u00e7\u00e3o por M\u00e9rito, mas o banco somente aceitou realizar uma reuni\u00e3o para tratar do assunto\u00a0<a href=\"https:\/\/contrafcut.com.br\/noticias\/depois-de-muita-cobranca-gt-comeca-a-debater-promocao-por-merito-na-caixa\/\" target=\"_blank\" rel=\"noopener noreferrer\">na semana passada<\/a>.<\/p>\n<p>\u201cInfelizmente, somente agora a Caixa aceitou tratar do assunto. E agora prop\u00f5e um modelo que exclui grande parte dos empregados. O mais sensato \u00e9 que se mantenha o modelo utilizado em 2020 e comecemos j\u00e1 a tratar do modelo para 2022\u201d, defendeu a coordenadora da CEE.<\/p>\n<h3>Continuidade das negocia\u00e7\u00f5es<\/h3>\n<p>A pr\u00f3xima reuni\u00e3o para tratar sobre a promo\u00e7\u00e3o por m\u00e9rito ser\u00e1 realizada na sexta-feira (26).<\/p>\n<p><strong>Fonte: Contraf-CUT<\/strong><\/p>\n","protected":false},"excerpt":{"rendered":"<p>O Grupo de Trabalho de Promo\u00e7\u00e3o por M\u00e9rito da Caixa Econ\u00f4mica Federal se reuniu na segunda-feira (22) para dar continuidade \u00e0s negocia\u00e7\u00f5es sobre os crit\u00e9rios a serem adotados para o pagamento dos valores referentes ao Plano de Cargos e Sal\u00e1rios (PCS), \u201cdeltas\u201d. O GT \u00e9 composto de forma parit\u00e1ria por representantes dos trabalhadores e do [&hellip;]<\/p>\n","protected":false},"author":2,"featured_media":11812,"comment_status":"","ping_status":"","sticky":false,"template":"","format":"standard","meta":{"footnotes":""},"categories":[3],"tags":[],"class_list":["post-11813","post","type-post","status-publish","format-standard","has-post-thumbnail","hentry","category-noticias"],"_links":{"self":[{"href":"https:\/\/hostnetart.com.br\/baixada\/wp-json\/wp\/v2\/posts\/11813","targetHints":{"allow":["GET"]}}],"collection":[{"href":"https:\/\/hostnetart.com.br\/baixada\/wp-json\/wp\/v2\/posts"}],"about":[{"href":"https:\/\/hostnetart.com.br\/baixada\/wp-json\/wp\/v2\/types\/post"}],"author":[{"embeddable":true,"href":"https:\/\/hostnetart.com.br\/baixada\/wp-json\/wp\/v2\/users\/2"}],"replies":[{"embeddable":true,"href":"https:\/\/hostnetart.com.br\/baixada\/wp-json\/wp\/v2\/comments?post=11813"}],"version-history":[{"count":0,"href":"https:\/\/hostnetart.com.br\/baixada\/wp-json\/wp\/v2\/posts\/11813\/revisions"}],"wp:featuredmedia":[{"embeddable":true,"href":"https:\/\/hostnetart.com.br\/baixada\/wp-json\/wp\/v2\/media\/11812"}],"wp:attachment":[{"href":"https:\/\/hostnetart.com.br\/baixada\/wp-json\/wp\/v2\/media?parent=11813"}],"wp:term":[{"taxonomy":"category","embeddable":true,"href":"https:\/\/hostnetart.com.br\/baixada\/wp-json\/wp\/v2\/categories?post=11813"},{"taxonomy":"post_tag","embeddable":true,"href":"https:\/\/hostnetart.com.br\/baixada\/wp-json\/wp\/v2\/tags?post=11813"}],"curies":[{"name":"wp","href":"https:\/\/api.w.org\/{rel}","templated":true}]}}