{"id":11811,"date":"2021-11-25T14:01:54","date_gmt":"2021-11-25T17:01:54","guid":{"rendered":"https:\/\/hostnetart.com.br\/baixada\/banco-do-brasil-trabalhadores-protestam-contra-retorno-presencial-de-grupo-de-risco\/"},"modified":"2021-11-25T14:01:54","modified_gmt":"2021-11-25T17:01:54","slug":"banco-do-brasil-trabalhadores-protestam-contra-retorno-presencial-de-grupo-de-risco","status":"publish","type":"post","link":"https:\/\/hostnetart.com.br\/baixada\/banco-do-brasil-trabalhadores-protestam-contra-retorno-presencial-de-grupo-de-risco\/","title":{"rendered":"Banco do Brasil: trabalhadores protestam contra retorno presencial de grupo de risco"},"content":{"rendered":"<p>Sem nenhuma negocia\u00e7\u00e3o com o movimento sindical, a dire\u00e7\u00e3o do Banco do Brasil iniciou a convoca\u00e7\u00e3o de funcion\u00e1rios do grupo de risco, com exce\u00e7\u00e3o das gestantes, para o retorno ao trabalho presencial. A atitude gerou protestos da coordena\u00e7\u00e3o do Comando Nacional dos Banc\u00e1rios e da Comiss\u00e3o de Empresa dos Funcion\u00e1rios do Banco do Brasil (CEBB), durante videoconfer\u00eancia realizada com o vice-presidente corporativo e o diretor de pessoas do BB.<\/p>\n<p>\u201cO movimento sindical \u00e9 contra o retorno presencial desta forma e neste momento, quando ainda pairam incertezas sobre uma eventual nova onda de contamina\u00e7\u00f5es, a exemplo do que vem ocorrendo na Europa, e diante da orienta\u00e7\u00e3o do Minist\u00e9rio da Sa\u00fade sobre a necessidade da dose de refor\u00e7o da vacina contra o coronav\u00edrus\u201d, disse o coordenador da CEBB, Jo\u00e3o Fukunaga.<\/p>\n<p>No comunicado sobre retorno presencial, o BB acrescentou a cobran\u00e7a do ciclo vacinal completo, uma medida defendida h\u00e1 meses pelo movimento sindical, mas que somente agora est\u00e1 sendo cobrada pelo banco. O esquema de retorno implementado pelo BB estabelece o retorno gradativo nos meses de novembro e dezembro, observando os percentuais m\u00ednimos de 50% (novembro), 75% (primeira quinzena de dezembro) e 100% (at\u00e9 o final de dezembro).<\/p>\n<p>Para respaldar o posicionamento em favor da prote\u00e7\u00e3o dos funcion\u00e1rios e funcion\u00e1rias do BB, a Confedera\u00e7\u00e3o Nacional dos Trabalhadores do Ramo Financeiro (Contraf-CUT) procurou a Funda\u00e7\u00e3o Oswaldo Cruz (Fiocruz). De acordo com a entidade, as pessoas de grupo de risco poderiam voltar ao trabalho presencial, no atual cen\u00e1rio, mediante a orienta\u00e7\u00e3o de um m\u00e9dico assistente. Diante dessa informa\u00e7\u00e3o da Fiocruz, os representantes dos banc\u00e1rios cobraram, durante a reuni\u00e3o, um posicionamento da dire\u00e7\u00e3o do banco.<\/p>\n<h3>Descomissionamento por produtividade<\/h3>\n<p>O Acordo Coletivo de Trabalho Emergencial (Pandemia Covid-19), aprovado em mar\u00e7o de 2020 pelos funcion\u00e1rios em assembleia e negociado entre o movimento sindical e a dire\u00e7\u00e3o do BB, prev\u00ea que n\u00e3o haver\u00e1 descomissionamentos por desempenho enquanto durar a pandemia, al\u00e9m da anistia de 10% do saldo total de horas negativas a compensar e prazo de compensa\u00e7\u00e3o de horas negativas de 18 meses.<\/p>\n<p>O movimento sindical est\u00e1 atento para que o banco n\u00e3o fa\u00e7a descomissionamento por desempenho, descumprindo o Acordo Coletivo de Trabalho Emergencial. \u201cN\u00f3s n\u00e3o vamos aceitar eventuais descomissionamentos por desempenho na esteira desta mudan\u00e7a feita sem negocia\u00e7\u00e3o e que representa um verdadeiro ataque \u00e0 sa\u00fade e aos direitos dos trabalhadores, e vamos acionar o judici\u00e1rio em caso de descumprimento do acordo\u201d, destacou Fukunaga.<\/p>\n<p>Os representantes dos trabalhadores orientam aos funcion\u00e1rios e funcion\u00e1rias que sentirem seus direitos amea\u00e7ados a procurarem seus sindicatos.<\/p>\n<p><strong>Fonte: Contraf-CUT<\/strong><\/p>\n","protected":false},"excerpt":{"rendered":"<p>Sem nenhuma negocia\u00e7\u00e3o com o movimento sindical, a dire\u00e7\u00e3o do Banco do Brasil iniciou a convoca\u00e7\u00e3o de funcion\u00e1rios do grupo de risco, com exce\u00e7\u00e3o das gestantes, para o retorno ao trabalho presencial. A atitude gerou protestos da coordena\u00e7\u00e3o do Comando Nacional dos Banc\u00e1rios e da Comiss\u00e3o de Empresa dos Funcion\u00e1rios do Banco do Brasil (CEBB), [&hellip;]<\/p>\n","protected":false},"author":2,"featured_media":11810,"comment_status":"","ping_status":"","sticky":false,"template":"","format":"standard","meta":{"footnotes":""},"categories":[3],"tags":[],"class_list":["post-11811","post","type-post","status-publish","format-standard","has-post-thumbnail","hentry","category-noticias"],"_links":{"self":[{"href":"https:\/\/hostnetart.com.br\/baixada\/wp-json\/wp\/v2\/posts\/11811","targetHints":{"allow":["GET"]}}],"collection":[{"href":"https:\/\/hostnetart.com.br\/baixada\/wp-json\/wp\/v2\/posts"}],"about":[{"href":"https:\/\/hostnetart.com.br\/baixada\/wp-json\/wp\/v2\/types\/post"}],"author":[{"embeddable":true,"href":"https:\/\/hostnetart.com.br\/baixada\/wp-json\/wp\/v2\/users\/2"}],"replies":[{"embeddable":true,"href":"https:\/\/hostnetart.com.br\/baixada\/wp-json\/wp\/v2\/comments?post=11811"}],"version-history":[{"count":0,"href":"https:\/\/hostnetart.com.br\/baixada\/wp-json\/wp\/v2\/posts\/11811\/revisions"}],"wp:featuredmedia":[{"embeddable":true,"href":"https:\/\/hostnetart.com.br\/baixada\/wp-json\/wp\/v2\/media\/11810"}],"wp:attachment":[{"href":"https:\/\/hostnetart.com.br\/baixada\/wp-json\/wp\/v2\/media?parent=11811"}],"wp:term":[{"taxonomy":"category","embeddable":true,"href":"https:\/\/hostnetart.com.br\/baixada\/wp-json\/wp\/v2\/categories?post=11811"},{"taxonomy":"post_tag","embeddable":true,"href":"https:\/\/hostnetart.com.br\/baixada\/wp-json\/wp\/v2\/tags?post=11811"}],"curies":[{"name":"wp","href":"https:\/\/api.w.org\/{rel}","templated":true}]}}