{"id":11795,"date":"2021-11-22T20:03:50","date_gmt":"2021-11-22T23:03:50","guid":{"rendered":"https:\/\/hostnetart.com.br\/baixada\/presidente-do-banco-do-brasil-visita-predio-em-sao-paulo-sem-respeitar-protocolos-contra-covid-19\/"},"modified":"2021-11-22T20:03:50","modified_gmt":"2021-11-22T23:03:50","slug":"presidente-do-banco-do-brasil-visita-predio-em-sao-paulo-sem-respeitar-protocolos-contra-covid-19","status":"publish","type":"post","link":"https:\/\/hostnetart.com.br\/baixada\/presidente-do-banco-do-brasil-visita-predio-em-sao-paulo-sem-respeitar-protocolos-contra-covid-19\/","title":{"rendered":"Presidente do Banco do Brasil visita pr\u00e9dio em S\u00e3o Paulo sem respeitar protocolos contra Covid-19"},"content":{"rendered":"<p>O atual presidente do Banco do Brasil, Fausto Ribeiro, visitou nesta quinta-feira (18) um dos blocos do complexo de pr\u00e9dios do Centro Empresarial de S\u00e3o Paulo (Cenesp), na zona Sul da capital paulista.<\/p>\n<p>Mas al\u00e9m de n\u00e3o conversar com os funcion\u00e1rios do complexo a respeito das condi\u00e7\u00f5es de trabalho, ainda promoveu aglomera\u00e7\u00e3o e incentivou a dispensa de Equipamentos de Prote\u00e7\u00e3o Individual (EPI) no momento que se pede ainda cuidados em rela\u00e7\u00e3o \u00e0 pandemia de covid-19.<\/p>\n<p>\u201cA demonstra\u00e7\u00e3o de coragem em n\u00e3o usar m\u00e1scara e enfrentar o v\u00edrus, atitude peculiar dos negacionistas do governo Bolsonaro, na verdade, pode ser caracterizada como descumprimento de norma sanit\u00e1ria vigente em S\u00e3o Paulo\u201d, afirmou Diego Pereira, o Peppe, dirigente sindical do Sindicato dos Banc\u00e1rios de S\u00e3o Paulo, Osasco e Regi\u00e3o.<\/p>\n<p>Enquanto o presidente do banco esbanjava atitude negacionista a respeito da pandemia, cipeiros, delegados sindicais e dirigentes sindicais procuram fiscalizar e acompanhar, nos locais de trabalho, o cumprimento por parte do banco das medidas e protocolos de seguran\u00e7a em favor dos funcion\u00e1rios, a fim de evitar contamina\u00e7\u00e3o e adoecimento daqueles que realmente fazem o resultado da empresa.<\/p>\n<p>\u201c\u00c9 inacredit\u00e1vel! Seria de boa monta encaminhar o manual de trabalho presencial emitido pela empresa ao pr\u00f3prio presidente, e grifar a parte onde os banc\u00e1rios devem usar m\u00e1scaras, evitar o contato f\u00edsico e aglomera\u00e7\u00e3o, no sentido de n\u00e3o proliferar o v\u00edrus. Muitos colegas do Banco do Brasil faleceram nessa pandemia, e muitos tamb\u00e9m perderam familiares para o coronav\u00edrus, ou seja, deve-se respeitar as medidas de seguran\u00e7a, se n\u00e3o por cautela, ao menos por respeito \u00e0s v\u00edtimas\u201d, criticou Get\u00falio Maciel, dirigente sindical da Fetec-CUT\/SP e representante da Comiss\u00e3o de Empresa dos funcion\u00e1rios do BB.<\/p>\n<p>Sindicalistas do Sindicato dos Banc\u00e1rios de S\u00e3o Paulo, Osasco e regi\u00e3o, juntamente com delegados sindicais que trabalham no complexo, j\u00e1 aguardavam a presen\u00e7a do presidente do BB, a fim de poder entregar demandas sens\u00edveis \u00e0 implementa\u00e7\u00e3o do trabalho remoto, uma vez que o banco j\u00e1 havia sido notificado sobre a manuten\u00e7\u00e3o dos trabalhadores em home office.<\/p>\n<p>Existe um acordo assinado com o movimento sindical, considerando que a empresa j\u00e1 possui tecnologia e processos para implanta\u00e7\u00e3o do trabalho remoto, houve redu\u00e7\u00e3o de custos para empresa, e a produtividade foi considerada muito boa.<\/p>\n<p>\u201cO banco ainda n\u00e3o encaminhou nenhuma resposta satisfat\u00f3ria quanto \u00e0 implementa\u00e7\u00e3o do trabalho remoto definitivo, reivindica\u00e7\u00e3o que reduziria muito os riscos de cont\u00e1gio e a preserva\u00e7\u00e3o da sa\u00fade, e ainda possibilitaria um melhor bem-estar e planejamento do cotidiano dos funcion\u00e1rios, uma vez que h\u00e1 muita reclama\u00e7\u00e3o tamb\u00e9m a respeito da dist\u00e2ncia do pr\u00e9dio do Cenesp em rela\u00e7\u00e3o ao lar e regi\u00e3o onde vivem a maioria dos funcion\u00e1rios\u201d, disse Ana Beatriz Garbelini, dirigente sindical do Sindicato dos Banc\u00e1rios de S\u00e3o Paulo, Osasco e Regi\u00e3o.<\/p>\n<p><em>Texto original do Sindicato dos Banc\u00e1rios de S\u00e3o Paulo, Osasco e Regi\u00e3o.<\/em><\/p>\n<p><em>\u00a0<\/em><\/p>\n","protected":false},"excerpt":{"rendered":"<p>O atual presidente do Banco do Brasil, Fausto Ribeiro, visitou nesta quinta-feira (18) um dos blocos do complexo de pr\u00e9dios do Centro Empresarial de S\u00e3o Paulo (Cenesp), na zona Sul da capital paulista. Mas al\u00e9m de n\u00e3o conversar com os funcion\u00e1rios do complexo a respeito das condi\u00e7\u00f5es de trabalho, ainda promoveu aglomera\u00e7\u00e3o e incentivou a [&hellip;]<\/p>\n","protected":false},"author":2,"featured_media":11794,"comment_status":"","ping_status":"","sticky":false,"template":"","format":"standard","meta":{"footnotes":""},"categories":[3],"tags":[],"class_list":["post-11795","post","type-post","status-publish","format-standard","has-post-thumbnail","hentry","category-noticias"],"_links":{"self":[{"href":"https:\/\/hostnetart.com.br\/baixada\/wp-json\/wp\/v2\/posts\/11795","targetHints":{"allow":["GET"]}}],"collection":[{"href":"https:\/\/hostnetart.com.br\/baixada\/wp-json\/wp\/v2\/posts"}],"about":[{"href":"https:\/\/hostnetart.com.br\/baixada\/wp-json\/wp\/v2\/types\/post"}],"author":[{"embeddable":true,"href":"https:\/\/hostnetart.com.br\/baixada\/wp-json\/wp\/v2\/users\/2"}],"replies":[{"embeddable":true,"href":"https:\/\/hostnetart.com.br\/baixada\/wp-json\/wp\/v2\/comments?post=11795"}],"version-history":[{"count":0,"href":"https:\/\/hostnetart.com.br\/baixada\/wp-json\/wp\/v2\/posts\/11795\/revisions"}],"wp:featuredmedia":[{"embeddable":true,"href":"https:\/\/hostnetart.com.br\/baixada\/wp-json\/wp\/v2\/media\/11794"}],"wp:attachment":[{"href":"https:\/\/hostnetart.com.br\/baixada\/wp-json\/wp\/v2\/media?parent=11795"}],"wp:term":[{"taxonomy":"category","embeddable":true,"href":"https:\/\/hostnetart.com.br\/baixada\/wp-json\/wp\/v2\/categories?post=11795"},{"taxonomy":"post_tag","embeddable":true,"href":"https:\/\/hostnetart.com.br\/baixada\/wp-json\/wp\/v2\/tags?post=11795"}],"curies":[{"name":"wp","href":"https:\/\/api.w.org\/{rel}","templated":true}]}}