{"id":11785,"date":"2021-11-19T14:04:10","date_gmt":"2021-11-19T17:04:10","guid":{"rendered":"https:\/\/hostnetart.com.br\/baixada\/debate-sobre-o-racismo-deve-ser-permanente-e-nao-apenas-em-novembro\/"},"modified":"2021-11-19T14:04:10","modified_gmt":"2021-11-19T17:04:10","slug":"debate-sobre-o-racismo-deve-ser-permanente-e-nao-apenas-em-novembro","status":"publish","type":"post","link":"https:\/\/hostnetart.com.br\/baixada\/debate-sobre-o-racismo-deve-ser-permanente-e-nao-apenas-em-novembro\/","title":{"rendered":"Debate sobre o racismo deve ser permanente e n\u00e3o apenas em novembro"},"content":{"rendered":"<p>S\u00edmbolo da luta e resist\u00eancia da popula\u00e7\u00e3o negra no Brasil, o Dia da Consci\u00eancia Negra, celebrado neste s\u00e1bado (20), vem ganhando repercuss\u00e3o nos ve\u00edculos de comunica\u00e7\u00e3o e lembrado pela sociedade brasileira. Mas h\u00e1 quem se aproveite da data para \u201cdisfar\u00e7ar\u201d ou \u201camenizar\u201d o real problema, que \u00e9 o racismo estrutural sofrido todos os dias pelos negros e negras do pa\u00eds, em diferentes setores.\u00a0\u00c9 o que denunciam lideran\u00e7as que criticam o uso \u201cclich\u00ea\u201d daqueles que, apenas em novembro, que se tornou o \u201cm\u00eas da consci\u00eancia negra\u201d, tratam da pauta como prioridade. Mas que deixam o debate sobre o racismo de lado nos outros 11 meses do ano.<\/p>\n<p>O dia da Consci\u00eancia Negra foi oficializado em lei em 2011 e desde ent\u00e3o \u00e9 feriado em alguns estados e cidades. Ele foi escolhido para\u00a0<a href=\"https:\/\/www12.senado.leg.br\/noticias\/infomaterias\/2021\/11\/dia-da-consciencia-negra-50-anos-liberdade-conquistada-nao-concedida\" target=\"_blank\" rel=\"noopener noreferrer\">homenagear Zumbi<\/a>, o l\u00edder do Quilombo de Palmares, que morreu nesse dia, em 1695.\u00a0<\/p>\n<p>Contudo, a avalia\u00e7\u00e3o do professor de Hist\u00f3ria, Douglas Belchior, cofundador da Uneafro e da Coaliz\u00e3o Negra por Direitos, \u00e9 que a data virou um clich\u00ea justamente por ser t\u00e3o cobi\u00e7ada somente em novembro. \u201cClich\u00ea \u00e9 falar sobre quest\u00f5es raciais s\u00f3 no m\u00eas de novembro. Clich\u00ea \u00e9 todos os setores da sociedade se desesperarem em procurar e promover atividades sobre a quest\u00e3o racial, o racismo, a desigualdade racial no m\u00eas de novembro, quando esse \u00e9 um problema di\u00e1rio, cotidiano, que \u00e9 esfregado na cara na sociedade brasileira todos os dias. A cada 11 minutos um jovem negro de at\u00e9 29 anos \u00e9 assassinado no Brasil, todos os meses, de janeiro a janeiro. Mas isso \u00e9 um problema ou vira um assunto da sociedade s\u00f3 no m\u00eas de novembro, na semana da consci\u00eancia negra, no dia 20\u201d, critica.<\/p>\n<h2><span style=\"text-decoration: underline;\">O racismo estrutural<\/span><\/h2>\n<p>Segundo dados do\u00a0<a href=\"https:\/\/www.redebrasilatual.com.br\/cidadania\/2021\/08\/atlas-da-violencia-assassinato-indigenas-aumenta-homicidios-brasil\/\" target=\"_blank\" rel=\"noopener noreferrer\">Atlas da Viol\u00eancia 2021<\/a>, a probabilidade de uma pessoa negra ser assassinada no Brasil \u00e9 2,6 vezes maior do que a de uma pessoa n\u00e3o negra. A taxa de homic\u00eddios a cada 100 mil habitantes negros no Brasil em 2019 foi de 29,2. Em contrapartida, ao somar a taxa de amarelos, brancos e ind\u00edgenas o \u00edndice \u00e9 de 11,2. O racismo estrutural no Brasil tamb\u00e9m \u00e9 vis\u00edvel e est\u00e1 em todas as outras \u00e1reas. Seja no ponto de vista econ\u00f4mico, pol\u00edtico e at\u00e9 mesmo na sa\u00fade.\u00a0<\/p>\n<p>\u201cQuando a gente desconsidera o fato de que o Estado diminuir investimentos em sa\u00fade ou precarizar pol\u00edticas de direito \u00e0 sa\u00fade, o SUS, ter\u00e1 impacto muito mais na popula\u00e7\u00e3o negra do que em outras popula\u00e7\u00f5es, porque ela depende mais do que outros grupos, isso \u00e9 racismo e acontece o ano inteiro em todos os anos. Desconsiderar que o Brasil \u00e9 um pa\u00eds de maioria negra e que n\u00e3o tem essa representa\u00e7\u00e3o replicada nos espa\u00e7os de poder, isso \u00e9 racismo. O fato da gente eleger uma maioria de brancos para governar um pa\u00eds que a maioria s\u00e3o negros, isso \u00e9 racismo\u201d, ressalta Douglas Belchior.\u00a0<\/p>\n<p>Presidenta da Uni\u00e3o Brasileira dos Estudantes Secundaristas (Ubes), Rozana Barroso, tamb\u00e9m observa que a desigualdade racial n\u00e3o \u00e9 diferente com os estudantes negros. De acordo com ela, \u00e9 n\u00edtido qual \u00e9 a cor dos que enfrentam os maiores obst\u00e1culos no acesso ao ensino.\u00a0<\/p>\n<h2><span style=\"text-decoration: underline;\">Enfrentamento<\/span><\/h2>\n<p>\u201cN\u00f3s sempre nos questionamos, mas neste momento ainda mais. Qual \u00e9 a cor dos estudantes que est\u00e3o sofrendo com a desnutri\u00e7\u00e3o infantil, que est\u00e3o no sinal vendendo bala e que pararam de estudar pelo n\u00e3o acesso \u00e0 internet em tempos de pandemia?. N\u00f3s somos os mais afetados pelo agravamento da desigualdade social, estamos fora do Enem esse ano, fora da sala de aula. Ent\u00e3o por isso que a luta do povo negro e principalmente da juventude negra se d\u00e1 todos os dias\u201d, destaca.\u00a0<\/p>\n<p>O professor de Hist\u00f3ria acrescenta que o \u201cclich\u00ea\u201d em torno dos problemas raciais sempre existir\u00e1 no Brasil se as formas de combat\u00ea-los n\u00e3o forem incisivas e di\u00e1rias.\u00a0<\/p>\n<p>\u201cTodos os grandes conflitos e desigualdades sociais no Brasil s\u00e3o antes problemas raciais, n\u00e3o perceber e ignorar isso \u00e9 racismo. E \u00e9 um clich\u00ea desconsiderar que os problemas que estruturam a sociedade brasileira s\u00e3o antes de qualquer coisa resultado do racismo. N\u00e3o h\u00e1 nenhum debate sobre justi\u00e7a, igualdade e democracia que n\u00e3o tenha como pano de fundo o racismo. Porque o Brasil \u00e9 assentado no racismo hist\u00f3rico. N\u00f3s somos um pa\u00eds fruto de 400 anos de escravid\u00e3o. O racismo \u00e9 um sistema de domina\u00e7\u00e3o sobre o qual se assenta o nosso pa\u00eds. E n\u00e3o considerar esse debate sobre racismo urgente e necess\u00e1rio o ano inteiro, e discuti-lo superficialmente s\u00f3 em novembro, isso \u00e9 clich\u00ea\u201d, conclui Douglas Belchior.\u00a0<\/p>\n<p><strong>Fonte: Rede Brasil Atual<\/strong><\/p>\n","protected":false},"excerpt":{"rendered":"<p>S\u00edmbolo da luta e resist\u00eancia da popula\u00e7\u00e3o negra no Brasil, o Dia da Consci\u00eancia Negra, celebrado neste s\u00e1bado (20), vem ganhando repercuss\u00e3o nos ve\u00edculos de comunica\u00e7\u00e3o e lembrado pela sociedade brasileira. Mas h\u00e1 quem se aproveite da data para \u201cdisfar\u00e7ar\u201d ou \u201camenizar\u201d o real problema, que \u00e9 o racismo estrutural sofrido todos os dias pelos [&hellip;]<\/p>\n","protected":false},"author":2,"featured_media":11784,"comment_status":"","ping_status":"","sticky":false,"template":"","format":"standard","meta":{"footnotes":""},"categories":[3],"tags":[],"class_list":["post-11785","post","type-post","status-publish","format-standard","has-post-thumbnail","hentry","category-noticias"],"_links":{"self":[{"href":"https:\/\/hostnetart.com.br\/baixada\/wp-json\/wp\/v2\/posts\/11785","targetHints":{"allow":["GET"]}}],"collection":[{"href":"https:\/\/hostnetart.com.br\/baixada\/wp-json\/wp\/v2\/posts"}],"about":[{"href":"https:\/\/hostnetart.com.br\/baixada\/wp-json\/wp\/v2\/types\/post"}],"author":[{"embeddable":true,"href":"https:\/\/hostnetart.com.br\/baixada\/wp-json\/wp\/v2\/users\/2"}],"replies":[{"embeddable":true,"href":"https:\/\/hostnetart.com.br\/baixada\/wp-json\/wp\/v2\/comments?post=11785"}],"version-history":[{"count":0,"href":"https:\/\/hostnetart.com.br\/baixada\/wp-json\/wp\/v2\/posts\/11785\/revisions"}],"wp:featuredmedia":[{"embeddable":true,"href":"https:\/\/hostnetart.com.br\/baixada\/wp-json\/wp\/v2\/media\/11784"}],"wp:attachment":[{"href":"https:\/\/hostnetart.com.br\/baixada\/wp-json\/wp\/v2\/media?parent=11785"}],"wp:term":[{"taxonomy":"category","embeddable":true,"href":"https:\/\/hostnetart.com.br\/baixada\/wp-json\/wp\/v2\/categories?post=11785"},{"taxonomy":"post_tag","embeddable":true,"href":"https:\/\/hostnetart.com.br\/baixada\/wp-json\/wp\/v2\/tags?post=11785"}],"curies":[{"name":"wp","href":"https:\/\/api.w.org\/{rel}","templated":true}]}}