{"id":11783,"date":"2021-11-18T19:58:03","date_gmt":"2021-11-18T22:58:03","guid":{"rendered":"https:\/\/hostnetart.com.br\/baixada\/caixa-ira-apresentar-proposta-de-modelo-de-promocao-por-merito-na-proxima-segunda-feira-22\/"},"modified":"2021-11-18T19:58:03","modified_gmt":"2021-11-18T22:58:03","slug":"caixa-ira-apresentar-proposta-de-modelo-de-promocao-por-merito-na-proxima-segunda-feira-22","status":"publish","type":"post","link":"https:\/\/hostnetart.com.br\/baixada\/caixa-ira-apresentar-proposta-de-modelo-de-promocao-por-merito-na-proxima-segunda-feira-22\/","title":{"rendered":"Caixa ir\u00e1 apresentar proposta de modelo de promo\u00e7\u00e3o por m\u00e9rito na pr\u00f3xima segunda-feira (22)"},"content":{"rendered":"<p>A primeira reuni\u00e3o do Grupo de Trabalho de Promo\u00e7\u00e3o por M\u00e9rito, formada por representantes da Caixa e dos empregados, aconteceu na manh\u00e3 desta quinta-feira (18). O GT discute os crit\u00e9rios de avalia\u00e7\u00e3o para que os empregados recebem o delta referente a 2021.<\/p>\n<p>No in\u00edcio do encontro, o coordenador da representa\u00e7\u00e3o dos empregados no GT, Jo\u00e3o Paulo Pierozan, refor\u00e7ou que os trabalhadores reivindicam o in\u00edcio das discuss\u00f5es desde abril, quando o resultado da sistem\u00e1tica anterior foi divulgado. \u201c\u00c9 complicado definir somente agora crit\u00e9rios que possam ser cumpridos em tempo h\u00e1bil. \u00c9 razo\u00e1vel que a Caixa garanta um delta para todos os empregados eleg\u00edveis na sistem\u00e1tica, assim como foi feito no ano-base 2020\u201d, explicou.<\/p>\n<p>A Caixa defende que o programa de Gest\u00e3o de Desempenho de Pessoas (GDP) seja o \u00fanico crit\u00e9rio para garantir a aplica\u00e7\u00e3o de deltas. \u201cRessaltamos, em reuni\u00e3o, que somos contr\u00e1rios \u00e0 GDP e, portanto, fica invi\u00e1vel utiliz\u00e1-la como \u00fanico crit\u00e9rio. Temos muitas cr\u00edticas ao programa, como, por exemplo, no que diz respeito \u00e0 curva for\u00e7ada\u201d, comentou o dirigente da Apcef\/SP Andr\u00e9 Dias Cambraia Sard\u00e3o.<\/p>\n<p>Os representantes dos empregados pediram dados detalhados com rela\u00e7\u00e3o \u00e0s \u00e1reas e fun\u00e7\u00f5es que receberam o segundo delta, para avaliar o impacto dos crit\u00e9rios sobre eles, e a Caixa ficou de apresentar na pr\u00f3xima reuni\u00e3o, marcada para segunda-feira (22), \u00e0 tarde, quando tamb\u00e9m deve ser apresentada a proposta do banco para a concess\u00e3o de deltas.<\/p>\n<p>Os representantes dos trabalhadores reivindicaram, ainda, que a falta n\u00e3o justificada lan\u00e7ada em fun\u00e7\u00e3o da paralisa\u00e7\u00e3o do dia 27 de abril n\u00e3o seja considerada nos crit\u00e9rios para obten\u00e7\u00e3o do delta.<\/p>\n<p>A Caixa informou, ainda, que 5,57% empregados n\u00e3o receberam delta em 2021. Deste total, cerca de 80% estavam na \u00faltima refer\u00eancia do Plano de Cargos e Sal\u00e1rios (PCS) ou n\u00e3o completou 180 dias de efetivo exerc\u00edcio.<\/p>\n<p><strong>GDP<\/strong>\u00a0\u2013 Durante a reuni\u00e3o, os representantes da Caixa comentaram sobre o poss\u00edvel fim da curva da GDP. Acreditam que a medida possa ser tempor\u00e1ria, servindo como uma medida educativa. Esse formato serve apenas para acirrar a disputa entre os trabalhadores, que, por isso, repudiam este formato da GDP, e defendem que seja exclu\u00edda dentre os crit\u00e9rios para a promo\u00e7\u00e3o por m\u00e9rito.<\/p>\n<p><strong>Hist\u00f3rico<\/strong>\u00a0\u2013 Forma de progress\u00e3o no Plano de Cargos e Sal\u00e1rios (PCS), junto com a promo\u00e7\u00e3o por antiguidade \u2013 que \u00e9 devida ao empregado a cada dois anos -, a promo\u00e7\u00e3o por merecimento deixou de ser aplicada em 1996. Ap\u00f3s 1998, a situa\u00e7\u00e3o agravou-se, pois os empregados admitidos a partir desta data foram enquadrados em um novo PCS, que, na carreira administrativa, possu\u00eda apenas 15 refer\u00eancias.<\/p>\n<p>Assim, a \u00faltima refer\u00eancia do PCS, que seria alcan\u00e7ada pelo empregado somente ap\u00f3s 30 anos de trabalho, considerando as promo\u00e7\u00f5es por antiguidade a cada dois anos e a aus\u00eancia da promo\u00e7\u00e3o por merecimento, era apenas R$ 850 maior que a refer\u00eancia de ingresso na Caixa.<\/p>\n<p>Em 2008, os empregados conquistaram a unifica\u00e7\u00e3o dos PCS de quem foi admitido antes e depois de 1998, ampliando o teto e restabelecendo as promo\u00e7\u00f5es por merecimento.<\/p>\n<p>O novo PCS, atualmente em vig\u00eancia, conta com 48 refer\u00eancias, sendo a inicial (201) R$ 3.000 e a \u00faltima (248) R$ 8.763, diferen\u00e7a de R$ 5.763 entre a refer\u00eancia final e a inicial. Considerando a concess\u00e3o de um Delta merecimento a cada ano e o Delta por antiguidade a cada dois anos, o empregado pode alcan\u00e7ar o topo do novo PCS ap\u00f3s 32 anos trabalhados na Caixa.<\/p>\n<p><span style=\"text-decoration: underline;\"><strong>Fonte: Contraf-CUT<\/strong><\/span><\/p>\n","protected":false},"excerpt":{"rendered":"<p>A primeira reuni\u00e3o do Grupo de Trabalho de Promo\u00e7\u00e3o por M\u00e9rito, formada por representantes da Caixa e dos empregados, aconteceu na manh\u00e3 desta quinta-feira (18). O GT discute os crit\u00e9rios de avalia\u00e7\u00e3o para que os empregados recebem o delta referente a 2021. No in\u00edcio do encontro, o coordenador da representa\u00e7\u00e3o dos empregados no GT, Jo\u00e3o [&hellip;]<\/p>\n","protected":false},"author":2,"featured_media":11782,"comment_status":"","ping_status":"","sticky":false,"template":"","format":"standard","meta":{"footnotes":""},"categories":[3],"tags":[],"class_list":["post-11783","post","type-post","status-publish","format-standard","has-post-thumbnail","hentry","category-noticias"],"_links":{"self":[{"href":"https:\/\/hostnetart.com.br\/baixada\/wp-json\/wp\/v2\/posts\/11783","targetHints":{"allow":["GET"]}}],"collection":[{"href":"https:\/\/hostnetart.com.br\/baixada\/wp-json\/wp\/v2\/posts"}],"about":[{"href":"https:\/\/hostnetart.com.br\/baixada\/wp-json\/wp\/v2\/types\/post"}],"author":[{"embeddable":true,"href":"https:\/\/hostnetart.com.br\/baixada\/wp-json\/wp\/v2\/users\/2"}],"replies":[{"embeddable":true,"href":"https:\/\/hostnetart.com.br\/baixada\/wp-json\/wp\/v2\/comments?post=11783"}],"version-history":[{"count":0,"href":"https:\/\/hostnetart.com.br\/baixada\/wp-json\/wp\/v2\/posts\/11783\/revisions"}],"wp:featuredmedia":[{"embeddable":true,"href":"https:\/\/hostnetart.com.br\/baixada\/wp-json\/wp\/v2\/media\/11782"}],"wp:attachment":[{"href":"https:\/\/hostnetart.com.br\/baixada\/wp-json\/wp\/v2\/media?parent=11783"}],"wp:term":[{"taxonomy":"category","embeddable":true,"href":"https:\/\/hostnetart.com.br\/baixada\/wp-json\/wp\/v2\/categories?post=11783"},{"taxonomy":"post_tag","embeddable":true,"href":"https:\/\/hostnetart.com.br\/baixada\/wp-json\/wp\/v2\/tags?post=11783"}],"curies":[{"name":"wp","href":"https:\/\/api.w.org\/{rel}","templated":true}]}}