{"id":11781,"date":"2021-11-18T19:56:13","date_gmt":"2021-11-18T22:56:13","guid":{"rendered":"https:\/\/hostnetart.com.br\/baixada\/reforma-trabalhista-piorou-economia-e-condicoes-de-trabalho\/"},"modified":"2021-11-18T19:56:13","modified_gmt":"2021-11-18T22:56:13","slug":"reforma-trabalhista-piorou-economia-e-condicoes-de-trabalho","status":"publish","type":"post","link":"https:\/\/hostnetart.com.br\/baixada\/reforma-trabalhista-piorou-economia-e-condicoes-de-trabalho\/","title":{"rendered":"\u2018Reforma\u2019 trabalhista piorou economia e condi\u00e7\u00f5es de trabalho"},"content":{"rendered":"<p>A Lei 13.467\/2017, conhecida como \u201creforma\u201d trabalhista, completou quatro anos de vig\u00eancia\u00a0<a href=\"https:\/\/www.redebrasilatual.com.br\/economia\/2020\/10\/reforma-trabalhista-nao-resolveu-problemas-do-mercado\/\" target=\"_blank\" rel=\"noopener noreferrer\">no \u00faltimo dia 11<\/a>. Sem cumprir suas promessas de cria\u00e7\u00e3o de empregos, a mudan\u00e7a legislativa apresentou como resultado um retrocesso nas condi\u00e7\u00f5es de trabalho, com impacto negativo na economia do pa\u00eds. Segundo o diretor adjunto do\u00a0<a href=\"https:\/\/www.google.com\/url?sa=t&amp;rct=j&amp;q=&amp;esrc=s&amp;source=web&amp;cd=&amp;cad=rja&amp;uact=8&amp;ved=2ahUKEwiI87OlnqL0AhW8q5UCHSNbC2EQFnoECBQQAQ&amp;url=https%3A%2F%2Fwww.dieese.org.br%2F&amp;usg=AOvVaw197HZwznXjOqMcJWaT-Hbh\" target=\"_blank\" rel=\"noopener noreferrer\">Dieese<\/a>,\u00a0Jos\u00e9 Silvestre, n\u00e3o \u00e9 poss\u00edvel celebrar o saldo das mudan\u00e7as relativas a remunera\u00e7\u00e3o, plano de carreira e jornada de trabalho, entre outros pontos.<\/p>\n<p>\u201cOs impactos foram todos negativos, pois ampliou-se a precariza\u00e7\u00e3o e a inser\u00e7\u00e3o no mercado de trabalho piorou. Os postos de trabalho criados est\u00e3o tamb\u00e9m em condi\u00e7\u00f5es piores. Um dos argumentos de quem defendia a reforma era a cria\u00e7\u00e3o de mais empregos, mas vimos o contr\u00e1rio. E os que foram criados, est\u00e3o precarizados\u201d, critica Silvestre a Glauco Faria, no\u00a0<strong><em>Jornal Brasil Atual<\/em><\/strong>.<\/p>\n<h3>\u201cDinamizar\u201d a economia<\/h3>\n<p>As afirma\u00e7\u00f5es da \u00e9poca, de que as mudan\u00e7as seriam necess\u00e1rias para dinamizar a economia e, assim, abrir vagas,\u00a0<a href=\"https:\/\/www.redebrasilatual.com.br\/trabalho\/2020\/07\/nova-reforma-trabalhista-bolsonaro\/\" target=\"_blank\" rel=\"noopener noreferrer\">n\u00e3o se sustentaram<\/a>. A \u201creforma\u201d trabalhista, al\u00e9m de piorar as condi\u00e7\u00f5es de trabalho, rebaixou as remunera\u00e7\u00f5es m\u00e9dias, o que prejudicou os trabalhadores e a pr\u00f3pria situa\u00e7\u00e3o econ\u00f4mica do pa\u00eds.<\/p>\n<p>\u201cSe o padr\u00e3o de contrata\u00e7\u00e3o cai, com uma remunera\u00e7\u00e3o pior, resulta num impacto negativo na economia, o trabalhador recebendo menos afeta a economia e o consumo\u201d, explica o diretor-adjunto do Dieese.<\/p>\n<p>O especialista acrescenta ainda que a\u00a0<a href=\"https:\/\/www.redebrasilatual.com.br\/blogs\/blog-na-rede\/2019\/04\/golpe-reforma-trabalhista-da-previdencia-que-pais-sera-este\/\" target=\"_blank\" rel=\"noopener noreferrer\">organiza\u00e7\u00e3o dos trabalhadores<\/a>\u00a0tamb\u00e9m foi afetada pelas mudan\u00e7as, que prejudicaram os sindicatos e associa\u00e7\u00f5es. \u201cEsta tamb\u00e9m foi uma das dimens\u00f5es da reforma. A contribui\u00e7\u00e3o sindical foi extinta e atingiu as entidades de trabalho. Ao mesmo tempo que a reforma trabalhista afetou os trabalhadores, tamb\u00e9m prejudicou os sindicatos. Todas as promessas da reforma n\u00e3o foram atendidas, e n\u00e3o houve nenhuma melhoria para os trabalhadores\u201d, pontua Silvestre.<\/p>\n<p><strong>Fonte: Rede Brasil Atual<\/strong><\/p>\n","protected":false},"excerpt":{"rendered":"<p>A Lei 13.467\/2017, conhecida como \u201creforma\u201d trabalhista, completou quatro anos de vig\u00eancia\u00a0no \u00faltimo dia 11. Sem cumprir suas promessas de cria\u00e7\u00e3o de empregos, a mudan\u00e7a legislativa apresentou como resultado um retrocesso nas condi\u00e7\u00f5es de trabalho, com impacto negativo na economia do pa\u00eds. Segundo o diretor adjunto do\u00a0Dieese,\u00a0Jos\u00e9 Silvestre, n\u00e3o \u00e9 poss\u00edvel celebrar o saldo das [&hellip;]<\/p>\n","protected":false},"author":2,"featured_media":11780,"comment_status":"","ping_status":"","sticky":false,"template":"","format":"standard","meta":{"footnotes":""},"categories":[3],"tags":[],"class_list":["post-11781","post","type-post","status-publish","format-standard","has-post-thumbnail","hentry","category-noticias"],"_links":{"self":[{"href":"https:\/\/hostnetart.com.br\/baixada\/wp-json\/wp\/v2\/posts\/11781","targetHints":{"allow":["GET"]}}],"collection":[{"href":"https:\/\/hostnetart.com.br\/baixada\/wp-json\/wp\/v2\/posts"}],"about":[{"href":"https:\/\/hostnetart.com.br\/baixada\/wp-json\/wp\/v2\/types\/post"}],"author":[{"embeddable":true,"href":"https:\/\/hostnetart.com.br\/baixada\/wp-json\/wp\/v2\/users\/2"}],"replies":[{"embeddable":true,"href":"https:\/\/hostnetart.com.br\/baixada\/wp-json\/wp\/v2\/comments?post=11781"}],"version-history":[{"count":0,"href":"https:\/\/hostnetart.com.br\/baixada\/wp-json\/wp\/v2\/posts\/11781\/revisions"}],"wp:featuredmedia":[{"embeddable":true,"href":"https:\/\/hostnetart.com.br\/baixada\/wp-json\/wp\/v2\/media\/11780"}],"wp:attachment":[{"href":"https:\/\/hostnetart.com.br\/baixada\/wp-json\/wp\/v2\/media?parent=11781"}],"wp:term":[{"taxonomy":"category","embeddable":true,"href":"https:\/\/hostnetart.com.br\/baixada\/wp-json\/wp\/v2\/categories?post=11781"},{"taxonomy":"post_tag","embeddable":true,"href":"https:\/\/hostnetart.com.br\/baixada\/wp-json\/wp\/v2\/tags?post=11781"}],"curies":[{"name":"wp","href":"https:\/\/api.w.org\/{rel}","templated":true}]}}