{"id":1178,"date":"2013-07-05T00:00:00","date_gmt":"2013-07-05T03:00:00","guid":{"rendered":"https:\/\/hostnetart.com.br\/baixada\/contraf-cut-promove-reuniao-para-midia-da-campanha-2013-nesta-sexta\/"},"modified":"2013-07-05T00:00:00","modified_gmt":"2013-07-05T03:00:00","slug":"contraf-cut-promove-reuniao-para-midia-da-campanha-2013-nesta-sexta","status":"publish","type":"post","link":"https:\/\/hostnetart.com.br\/baixada\/contraf-cut-promove-reuniao-para-midia-da-campanha-2013-nesta-sexta\/","title":{"rendered":"Contraf-CUT promove reuni\u00e3o para m\u00eddia da Campanha 2013 nesta sexta"},"content":{"rendered":"<p>A Contraf-CUT realiza nesta sexta-feira (5), \u00e0s 11h, a quarta reuni\u00e3o espec\u00edfica para a constru\u00e7\u00e3o da m\u00eddia da Campanha Nacional dos Banc\u00e1rios 2013, na sede da Confedera\u00e7\u00e3o, em S\u00e3o Paulo. No encontro anterior foi definido um novo conceito, ficando os sindicatos e federa\u00e7\u00f5es com a tarefa de aprofundar os debates nas entidades.<\/p>\n<p>\u00a0<\/p>\n<p>\u201cTrata-se de um processo muito din\u00e2mico, participativo e democr\u00e1tico, que busca elaborar uma proposta ofensiva e que ajude a mobiliza\u00e7\u00e3o da categoria e potencializar a marca da campanha em todo o pa\u00eds\u201d, ressalta o secret\u00e1rio de imprensa da Contraf-CUT, Ademir Wiederkehr.<\/p>\n<p>\u00a0<\/p>\n<p>\u201cA exemplo dos anos anteriores, queremos definir juntos uma m\u00eddia nacional que seja capaz de dialogar com os banc\u00e1rios, os clientes e a sociedade, a fim de pressionar os bancos, visando obter o atendimento das reivindica\u00e7\u00f5es dos trabalhadores\u201d, salienta o dirigente sindical.<\/p>\n<p>\u00a0<\/p>\n<p>Todas as reuni\u00f5es s\u00e3o abertas \u00e0 participa\u00e7\u00e3o de dirigentes do Comando Nacional, sindicatos e federa\u00e7\u00f5es, especialmente diretores de comunica\u00e7\u00e3o e profissionais de imprensa das entidades.<\/p>\n<p>\u00a0<\/p>\n<p>A proposta de m\u00eddia ser\u00e1 apresentada na 15\u00aa Confer\u00eancia Nacional dos Banc\u00e1rios, a ser realizada nos dias 19, 20 e 21 de julho, em S\u00e3o Paulo.<\/p>\n<p>\u00a0<\/p>\n<p>Fonte: Contraf-CUT<\/p>\n","protected":false},"excerpt":{"rendered":"<p>A Contraf-CUT realiza nesta sexta-feira (5), \u00e0s 11h, a quarta reuni\u00e3o espec\u00edfica para a constru\u00e7\u00e3o da m\u00eddia da Campanha Nacional dos Banc\u00e1rios 2013, na sede da Confedera\u00e7\u00e3o, em S\u00e3o Paulo. No encontro anterior foi definido um novo conceito, ficando os sindicatos e federa\u00e7\u00f5es com a tarefa de aprofundar os debates nas entidades. \u00a0 \u201cTrata-se de [&hellip;]<\/p>\n","protected":false},"author":1,"featured_media":0,"comment_status":"","ping_status":"","sticky":false,"template":"","format":"standard","meta":{"footnotes":""},"categories":[3],"tags":[],"class_list":["post-1178","post","type-post","status-publish","format-standard","hentry","category-noticias"],"_links":{"self":[{"href":"https:\/\/hostnetart.com.br\/baixada\/wp-json\/wp\/v2\/posts\/1178","targetHints":{"allow":["GET"]}}],"collection":[{"href":"https:\/\/hostnetart.com.br\/baixada\/wp-json\/wp\/v2\/posts"}],"about":[{"href":"https:\/\/hostnetart.com.br\/baixada\/wp-json\/wp\/v2\/types\/post"}],"author":[{"embeddable":true,"href":"https:\/\/hostnetart.com.br\/baixada\/wp-json\/wp\/v2\/users\/1"}],"replies":[{"embeddable":true,"href":"https:\/\/hostnetart.com.br\/baixada\/wp-json\/wp\/v2\/comments?post=1178"}],"version-history":[{"count":0,"href":"https:\/\/hostnetart.com.br\/baixada\/wp-json\/wp\/v2\/posts\/1178\/revisions"}],"wp:attachment":[{"href":"https:\/\/hostnetart.com.br\/baixada\/wp-json\/wp\/v2\/media?parent=1178"}],"wp:term":[{"taxonomy":"category","embeddable":true,"href":"https:\/\/hostnetart.com.br\/baixada\/wp-json\/wp\/v2\/categories?post=1178"},{"taxonomy":"post_tag","embeddable":true,"href":"https:\/\/hostnetart.com.br\/baixada\/wp-json\/wp\/v2\/tags?post=1178"}],"curies":[{"name":"wp","href":"https:\/\/api.w.org\/{rel}","templated":true}]}}