{"id":11773,"date":"2021-11-17T17:21:38","date_gmt":"2021-11-17T20:21:38","guid":{"rendered":"https:\/\/hostnetart.com.br\/baixada\/fenacrefi-cancela-reuniao-com-financiarios-marcada-para-esta-quarta-feira-17\/"},"modified":"2021-11-17T17:21:38","modified_gmt":"2021-11-17T20:21:38","slug":"fenacrefi-cancela-reuniao-com-financiarios-marcada-para-esta-quarta-feira-17","status":"publish","type":"post","link":"https:\/\/hostnetart.com.br\/baixada\/fenacrefi-cancela-reuniao-com-financiarios-marcada-para-esta-quarta-feira-17\/","title":{"rendered":"Fenacrefi cancela reuni\u00e3o com financi\u00e1rios marcada para esta quarta-feira (17)"},"content":{"rendered":"<p>A Federa\u00e7\u00e3o Interestadual das Institui\u00e7\u00f5es de Cr\u00e9dito, Financiamento e Investimento (Fenacrefi) cancelou a reuni\u00e3o marcada para a manh\u00e3 desta quarta-feira (17) com a Comiss\u00e3o de Organiza\u00e7\u00e3o dos Financi\u00e1rios, poucos minutos antes do in\u00edcio do encontro.<\/p>\n<p>Na pauta, estava o in\u00edcio dos debates para a antecipa\u00e7\u00e3o da Campanha Nacional 2022\/2023 e a discuss\u00e3o sobre a proposta enviada pela Fenacrefi de um novo modelo de Participa\u00e7\u00e3o nos Lucros e Resultados (PLR) para a categoria dos financi\u00e1rios.<\/p>\n<p>\u201cN\u00f3s ainda n\u00e3o sabemos o motivo do cancelamento, mas continuamos dispostos a voltar para a mesa de negocia\u00e7\u00e3o e iniciar os debates\u201d, afirmou Jair Alves, coordenador da Comiss\u00e3o.<\/p>\n<p><strong>Fonte: Contraf-CUT<\/strong><\/p>\n","protected":false},"excerpt":{"rendered":"<p>A Federa\u00e7\u00e3o Interestadual das Institui\u00e7\u00f5es de Cr\u00e9dito, Financiamento e Investimento (Fenacrefi) cancelou a reuni\u00e3o marcada para a manh\u00e3 desta quarta-feira (17) com a Comiss\u00e3o de Organiza\u00e7\u00e3o dos Financi\u00e1rios, poucos minutos antes do in\u00edcio do encontro. Na pauta, estava o in\u00edcio dos debates para a antecipa\u00e7\u00e3o da Campanha Nacional 2022\/2023 e a discuss\u00e3o sobre a proposta [&hellip;]<\/p>\n","protected":false},"author":2,"featured_media":11772,"comment_status":"","ping_status":"","sticky":false,"template":"","format":"standard","meta":{"footnotes":""},"categories":[3],"tags":[],"class_list":["post-11773","post","type-post","status-publish","format-standard","has-post-thumbnail","hentry","category-noticias"],"_links":{"self":[{"href":"https:\/\/hostnetart.com.br\/baixada\/wp-json\/wp\/v2\/posts\/11773","targetHints":{"allow":["GET"]}}],"collection":[{"href":"https:\/\/hostnetart.com.br\/baixada\/wp-json\/wp\/v2\/posts"}],"about":[{"href":"https:\/\/hostnetart.com.br\/baixada\/wp-json\/wp\/v2\/types\/post"}],"author":[{"embeddable":true,"href":"https:\/\/hostnetart.com.br\/baixada\/wp-json\/wp\/v2\/users\/2"}],"replies":[{"embeddable":true,"href":"https:\/\/hostnetart.com.br\/baixada\/wp-json\/wp\/v2\/comments?post=11773"}],"version-history":[{"count":0,"href":"https:\/\/hostnetart.com.br\/baixada\/wp-json\/wp\/v2\/posts\/11773\/revisions"}],"wp:featuredmedia":[{"embeddable":true,"href":"https:\/\/hostnetart.com.br\/baixada\/wp-json\/wp\/v2\/media\/11772"}],"wp:attachment":[{"href":"https:\/\/hostnetart.com.br\/baixada\/wp-json\/wp\/v2\/media?parent=11773"}],"wp:term":[{"taxonomy":"category","embeddable":true,"href":"https:\/\/hostnetart.com.br\/baixada\/wp-json\/wp\/v2\/categories?post=11773"},{"taxonomy":"post_tag","embeddable":true,"href":"https:\/\/hostnetart.com.br\/baixada\/wp-json\/wp\/v2\/tags?post=11773"}],"curies":[{"name":"wp","href":"https:\/\/api.w.org\/{rel}","templated":true}]}}