{"id":11771,"date":"2021-11-17T14:48:13","date_gmt":"2021-11-17T17:48:13","guid":{"rendered":"https:\/\/hostnetart.com.br\/baixada\/auxilio-brasil-comeca-a-ser-pago-nesta-quarta-17-confira-o-calendario\/"},"modified":"2021-11-17T14:48:13","modified_gmt":"2021-11-17T17:48:13","slug":"auxilio-brasil-comeca-a-ser-pago-nesta-quarta-17-confira-o-calendario","status":"publish","type":"post","link":"https:\/\/hostnetart.com.br\/baixada\/auxilio-brasil-comeca-a-ser-pago-nesta-quarta-17-confira-o-calendario\/","title":{"rendered":"Aux\u00edlio Brasil come\u00e7a a ser pago nesta quarta (17); confira o calend\u00e1rio"},"content":{"rendered":"<p>O pagamento do Aux\u00edlio Brasil come\u00e7ar\u00e1 a ser feito nesta quarta-feira (17),\u00a0<a href=\"https:\/\/www.caixa.gov.br\/programas-sociais\/auxilio-brasil\/Paginas\/default.aspx\" target=\"_blank\" rel=\"noopener noreferrer\">conforme calend\u00e1rio divulgado pela Caixa Econ\u00f4mica Federal.<\/a><\/p>\n<p>A libera\u00e7\u00e3o do recurso ser\u00e1 feita com base no d\u00edgito final do N\u00famero de Inscri\u00e7\u00e3o Social (NIS).Nesta quarta, recebem os benefici\u00e1rios com n\u00famero final 1; na quinta-feira (18), n\u00famero 2; at\u00e9 o dia 30 de novembro, com o n\u00famero final 0. As datas de pagamento seguir\u00e3o o modelo do Bolsa Fam\u00edlia, sempre realizado nos 10 \u00faltimos dias \u00fateis do m\u00eas.\u00a0<\/p>\n<p>Cerca de 17 milh\u00f5es de fam\u00edlias receber\u00e3o um valor m\u00e9dio de R$ 217,18 neste m\u00eas. Para ter acesso ao benef\u00edcio, a fam\u00edlia deve ter uma renda per capita de at\u00e9 R$ 100, consideradas em situa\u00e7\u00e3o de extrema pobreza, e at\u00e9 R$ 200, consideradas em condi\u00e7\u00e3o de pobreza.\u00a0<\/p>\n<p>A cria\u00e7\u00e3o do Aux\u00edlio Brasil derruba o Bolsa Fam\u00edlia, que completou 18 anos no \u00faltimo dia 20 de outubro. A proposta de altera\u00e7\u00e3o no programa de transfer\u00eancia de renda foi encaminhada pelo presidente Jair Bolsonaro ao Congresso Nacional, em agosto deste ano, por meio de\u00a0Medida Provis\u00f3ria (MP).\u00a0<\/p>\n<p><span style=\"text-decoration: underline;\">Bolsa Fam\u00edlia\u00a0<\/span><\/p>\n<p>O Bolsa Fam\u00edlia \u00e9 um programa popular, citado em artigos e manifestos, n\u00e3o apenas por seu impacto em diversas esferas da sociedade brasileira ao longo dos anos, mas tamb\u00e9m pelo fato de estar sendo aniquilado pelo governo Bolsonaro. O programa diminuiu,\u00a0entre 2003 e 2018, em 15% os \u00edndices de pobreza no Brasil e em 25% os de extrema pobreza, de\u00a0acordo com o\u00a0<a href=\"https:\/\/ipea.gov.br\/portal\/index.php?option=com_content&amp;id=34949\" target=\"_blank\" rel=\"noopener noreferrer\">IPEA<\/a>, \u00a0\u00a0<\/p>\n<p>Alguns dos\u00a0impactos indiretos do Bolsa Fam\u00edlia, segundo\u00a0<a href=\"https:\/\/documents1.worldbank.org\/curated\/en\/329101628766232366\/pdf\/Balancing-Stability-and-Transition-A-First-Assessment-of-Regra-de-Perman%C3%AAncia-in-Bolsa-Familia.pdf\" target=\"_blank\" rel=\"noopener noreferrer\">relat\u00f3rio do Banco Mundial<\/a>, s\u00e3o a redu\u00e7\u00e3o das taxas de repet\u00eancia escolar, a diminui\u00e7\u00e3o no tempo de trabalho dom\u00e9stico para meninas, a maior autonomia financeira das mulheres, o aumento no consumo de alimentos, a queda nas taxas de anemia e a redu\u00e7\u00e3o em 58% na mortalidade de crian\u00e7as por desnutri\u00e7\u00e3o.\u00a0\u00a0<\/p>\n<p>A mudan\u00e7a do Bolsa Fam\u00edlia para o Aux\u00edlio Brasil pode diminuir a quantidade de benefici\u00e1rios em situa\u00e7\u00e3o de pobreza e de extrema pobreza. Uma\u00a0<a href=\"https:\/\/economia.estadao.com.br\/noticias\/geral,5-4-milhoes-de-atendidos-pelo-bolsa-familia-podem-ter-perdas-com-o-auxilio-brasil,70003866613\" target=\"_blank\" rel=\"noopener noreferrer\">reportagem do Estad\u00e3o, com dados obtidos por meio da Lei de Acesso \u00e0 Informa\u00e7\u00e3o (LAI)<\/a>, mostrou que cerca de 5,4 milh\u00f5es de benefici\u00e1rios podem ter uma redu\u00e7\u00e3o no valor do benef\u00edcio.\u00a0<\/p>\n<p><strong>Fonte: Brasil de Fato<\/strong><\/p>\n","protected":false},"excerpt":{"rendered":"<p>O pagamento do Aux\u00edlio Brasil come\u00e7ar\u00e1 a ser feito nesta quarta-feira (17),\u00a0conforme calend\u00e1rio divulgado pela Caixa Econ\u00f4mica Federal. A libera\u00e7\u00e3o do recurso ser\u00e1 feita com base no d\u00edgito final do N\u00famero de Inscri\u00e7\u00e3o Social (NIS).Nesta quarta, recebem os benefici\u00e1rios com n\u00famero final 1; na quinta-feira (18), n\u00famero 2; at\u00e9 o dia 30 de novembro, com [&hellip;]<\/p>\n","protected":false},"author":2,"featured_media":11770,"comment_status":"","ping_status":"","sticky":false,"template":"","format":"standard","meta":{"footnotes":""},"categories":[3],"tags":[],"class_list":["post-11771","post","type-post","status-publish","format-standard","has-post-thumbnail","hentry","category-noticias"],"_links":{"self":[{"href":"https:\/\/hostnetart.com.br\/baixada\/wp-json\/wp\/v2\/posts\/11771","targetHints":{"allow":["GET"]}}],"collection":[{"href":"https:\/\/hostnetart.com.br\/baixada\/wp-json\/wp\/v2\/posts"}],"about":[{"href":"https:\/\/hostnetart.com.br\/baixada\/wp-json\/wp\/v2\/types\/post"}],"author":[{"embeddable":true,"href":"https:\/\/hostnetart.com.br\/baixada\/wp-json\/wp\/v2\/users\/2"}],"replies":[{"embeddable":true,"href":"https:\/\/hostnetart.com.br\/baixada\/wp-json\/wp\/v2\/comments?post=11771"}],"version-history":[{"count":0,"href":"https:\/\/hostnetart.com.br\/baixada\/wp-json\/wp\/v2\/posts\/11771\/revisions"}],"wp:featuredmedia":[{"embeddable":true,"href":"https:\/\/hostnetart.com.br\/baixada\/wp-json\/wp\/v2\/media\/11770"}],"wp:attachment":[{"href":"https:\/\/hostnetart.com.br\/baixada\/wp-json\/wp\/v2\/media?parent=11771"}],"wp:term":[{"taxonomy":"category","embeddable":true,"href":"https:\/\/hostnetart.com.br\/baixada\/wp-json\/wp\/v2\/categories?post=11771"},{"taxonomy":"post_tag","embeddable":true,"href":"https:\/\/hostnetart.com.br\/baixada\/wp-json\/wp\/v2\/tags?post=11771"}],"curies":[{"name":"wp","href":"https:\/\/api.w.org\/{rel}","templated":true}]}}