{"id":1176,"date":"2013-07-03T00:00:00","date_gmt":"2013-07-03T03:00:00","guid":{"rendered":"https:\/\/hostnetart.com.br\/baixada\/festa-da-pinga-em-paraty-dias-16-17-e-18-de-agosto-nao-pecam\/"},"modified":"2013-07-03T00:00:00","modified_gmt":"2013-07-03T03:00:00","slug":"festa-da-pinga-em-paraty-dias-16-17-e-18-de-agosto-nao-pecam","status":"publish","type":"post","link":"https:\/\/hostnetart.com.br\/baixada\/festa-da-pinga-em-paraty-dias-16-17-e-18-de-agosto-nao-pecam\/","title":{"rendered":"FESTA DA PINGA EM PARATY, DIAS 16, 17 E 18 DE AGOSTO. N\u00c3O PECAM!"},"content":{"rendered":"<div>N\u00e3o percam a festa da pinga em Paraty, dias 16, 17 e 18 de agosto<\/div>\n<div>Fique de olho!!!!<\/div>\n<div>Informa\u00e7\u00f5es atrav\u00e9s do Dretor Ricardo<\/div>\n<div>Telefone:\u00a0<a href=\"tel:%2821%29%207717.6283\" target=\"_blank\" rel=\"noopener noreferrer\">(21) 7717.6283<\/a><\/div>\n","protected":false},"excerpt":{"rendered":"<p>N\u00e3o percam a festa da pinga em Paraty, dias 16, 17 e 18 de agosto Fique de olho!!!! Informa\u00e7\u00f5es atrav\u00e9s do Dretor Ricardo Telefone:\u00a0(21) 7717.6283<\/p>\n","protected":false},"author":1,"featured_media":1175,"comment_status":"","ping_status":"","sticky":false,"template":"","format":"standard","meta":{"footnotes":""},"categories":[3],"tags":[],"class_list":["post-1176","post","type-post","status-publish","format-standard","has-post-thumbnail","hentry","category-noticias"],"_links":{"self":[{"href":"https:\/\/hostnetart.com.br\/baixada\/wp-json\/wp\/v2\/posts\/1176","targetHints":{"allow":["GET"]}}],"collection":[{"href":"https:\/\/hostnetart.com.br\/baixada\/wp-json\/wp\/v2\/posts"}],"about":[{"href":"https:\/\/hostnetart.com.br\/baixada\/wp-json\/wp\/v2\/types\/post"}],"author":[{"embeddable":true,"href":"https:\/\/hostnetart.com.br\/baixada\/wp-json\/wp\/v2\/users\/1"}],"replies":[{"embeddable":true,"href":"https:\/\/hostnetart.com.br\/baixada\/wp-json\/wp\/v2\/comments?post=1176"}],"version-history":[{"count":0,"href":"https:\/\/hostnetart.com.br\/baixada\/wp-json\/wp\/v2\/posts\/1176\/revisions"}],"wp:featuredmedia":[{"embeddable":true,"href":"https:\/\/hostnetart.com.br\/baixada\/wp-json\/wp\/v2\/media\/1175"}],"wp:attachment":[{"href":"https:\/\/hostnetart.com.br\/baixada\/wp-json\/wp\/v2\/media?parent=1176"}],"wp:term":[{"taxonomy":"category","embeddable":true,"href":"https:\/\/hostnetart.com.br\/baixada\/wp-json\/wp\/v2\/categories?post=1176"},{"taxonomy":"post_tag","embeddable":true,"href":"https:\/\/hostnetart.com.br\/baixada\/wp-json\/wp\/v2\/tags?post=1176"}],"curies":[{"name":"wp","href":"https:\/\/api.w.org\/{rel}","templated":true}]}}