{"id":11759,"date":"2021-11-16T14:13:46","date_gmt":"2021-11-16T17:13:46","guid":{"rendered":"https:\/\/hostnetart.com.br\/baixada\/presidente-do-sindicato-dos-bancarios-do-rio-de-janeiro-esta-internado\/"},"modified":"2021-11-16T14:13:46","modified_gmt":"2021-11-16T17:13:46","slug":"presidente-do-sindicato-dos-bancarios-do-rio-de-janeiro-esta-internado","status":"publish","type":"post","link":"https:\/\/hostnetart.com.br\/baixada\/presidente-do-sindicato-dos-bancarios-do-rio-de-janeiro-esta-internado\/","title":{"rendered":"Presidente do Sindicato dos Banc\u00e1rios do Rio de Janeiro est\u00e1 internado"},"content":{"rendered":"<p>Com muita apreens\u00e3o, soubemos que o parceiro e amigo do Sindicato dos Banc\u00e1rios da Baixada Fluminense, Jos\u00e9 Ferreira, presidente do Sindicato dos Banc\u00e1rios do Rio de Janeiro, foi internado no Hospital Quinta D&#8217;or, devido a um infarto sofrido nesta madrugada do dia 16 de novembro.<\/p>\n<p>O Sindicato dos Banc\u00e1rios da Baixada Fluminense se solidariza com Z\u00e9 Ferreira, desejando-lhe uma r\u00e1pida recupera\u00e7\u00e3o.<\/p>\n<p>Pedimos ora\u00e7\u00f5es e pensamentos positivos.<\/p>\n","protected":false},"excerpt":{"rendered":"<p>Com muita apreens\u00e3o, soubemos que o parceiro e amigo do Sindicato dos Banc\u00e1rios da Baixada Fluminense, Jos\u00e9 Ferreira, presidente do Sindicato dos Banc\u00e1rios do Rio de Janeiro, foi internado no Hospital Quinta D&#8217;or, devido a um infarto sofrido nesta madrugada do dia 16 de novembro. O Sindicato dos Banc\u00e1rios da Baixada Fluminense se solidariza com [&hellip;]<\/p>\n","protected":false},"author":2,"featured_media":11758,"comment_status":"","ping_status":"","sticky":false,"template":"","format":"standard","meta":{"footnotes":""},"categories":[3],"tags":[],"class_list":["post-11759","post","type-post","status-publish","format-standard","has-post-thumbnail","hentry","category-noticias"],"_links":{"self":[{"href":"https:\/\/hostnetart.com.br\/baixada\/wp-json\/wp\/v2\/posts\/11759","targetHints":{"allow":["GET"]}}],"collection":[{"href":"https:\/\/hostnetart.com.br\/baixada\/wp-json\/wp\/v2\/posts"}],"about":[{"href":"https:\/\/hostnetart.com.br\/baixada\/wp-json\/wp\/v2\/types\/post"}],"author":[{"embeddable":true,"href":"https:\/\/hostnetart.com.br\/baixada\/wp-json\/wp\/v2\/users\/2"}],"replies":[{"embeddable":true,"href":"https:\/\/hostnetart.com.br\/baixada\/wp-json\/wp\/v2\/comments?post=11759"}],"version-history":[{"count":0,"href":"https:\/\/hostnetart.com.br\/baixada\/wp-json\/wp\/v2\/posts\/11759\/revisions"}],"wp:featuredmedia":[{"embeddable":true,"href":"https:\/\/hostnetart.com.br\/baixada\/wp-json\/wp\/v2\/media\/11758"}],"wp:attachment":[{"href":"https:\/\/hostnetart.com.br\/baixada\/wp-json\/wp\/v2\/media?parent=11759"}],"wp:term":[{"taxonomy":"category","embeddable":true,"href":"https:\/\/hostnetart.com.br\/baixada\/wp-json\/wp\/v2\/categories?post=11759"},{"taxonomy":"post_tag","embeddable":true,"href":"https:\/\/hostnetart.com.br\/baixada\/wp-json\/wp\/v2\/tags?post=11759"}],"curies":[{"name":"wp","href":"https:\/\/api.w.org\/{rel}","templated":true}]}}