{"id":11755,"date":"2021-11-12T13:14:27","date_gmt":"2021-11-12T16:14:27","guid":{"rendered":"https:\/\/hostnetart.com.br\/baixada\/mercantil-aceita-parar-demissoes-em-massa-e-ampliar-garantias-aos-demitidos\/"},"modified":"2021-11-12T13:14:27","modified_gmt":"2021-11-12T16:14:27","slug":"mercantil-aceita-parar-demissoes-em-massa-e-ampliar-garantias-aos-demitidos","status":"publish","type":"post","link":"https:\/\/hostnetart.com.br\/baixada\/mercantil-aceita-parar-demissoes-em-massa-e-ampliar-garantias-aos-demitidos\/","title":{"rendered":"Mercantil aceita parar demiss\u00f5es em massa e ampliar garantias aos demitidos"},"content":{"rendered":"<p>A Comiss\u00e3o de Organiza\u00e7\u00e3o dos Empregados (COE) do Banco Mercantil do Brasil se reuniu com a dire\u00e7\u00e3o do banco na tarde desta quinta-feira (11) para continuar a negocia\u00e7\u00e3o pelo fim das demiss\u00f5es e por melhores condi\u00e7\u00f5es de trabalho para os trabalhadores e conquistou avan\u00e7os.<\/p>\n<p>Os banc\u00e1rios reivindicavam o fim das demiss\u00f5es e, para os demitidos, o aumento do valor de requalifica\u00e7\u00e3o para a busca de uma nova vaga no mercado, o aumento de seis meses, al\u00e9m do previsto na Conven\u00e7\u00e3o Coletiva de Trabalho (CCT), do tempo de garantia do plano de sa\u00fade, seguro de vida e de dois meses de vale alimenta\u00e7\u00e3o.<\/p>\n<p>O banco afirmou que n\u00e3o ser\u00e3o realizados mais desligamentos em decorr\u00eancia da transforma\u00e7\u00e3o de ag\u00eancias em Postos de Atendimento Avan\u00e7ado (PAAs). Aos funcion\u00e1rios do\u00a0<em>backoffice<\/em>\u00a0que foram desligados no processo de reestrutura\u00e7\u00e3o, o banco aceitou prolongar o plano de sa\u00fade por seis meses, al\u00e9m do previsto na CCT da categoria; aumentar o valor da requalifica\u00e7\u00e3o profissional de R$ 1.873,72, para R$ 2.250,00; e a extens\u00e3o do seguro de vida at\u00e9 30 de abril de 2022. O banco ressaltou que os funcion\u00e1rios que ser\u00e3o beneficiados s\u00e3o gerentes administrativos, supervisores administrativos e um caixa, ou seja, apenas o\u00a0<em>backoffice<\/em>.<\/p>\n<p>\u201cComo movimento sindical, olhamos esse lado humano. O momento da demiss\u00e3o \u00e9 um momento duro, um momento triste, ainda mais neste momento de pandemia, crise e volta da fome ao pa\u00eds. Por isso, avaliamos que s\u00e3o conquistas importantes, principalmente a extens\u00e3o do plano de sa\u00fade, mas tamb\u00e9m o fim das demiss\u00f5es\u201d, afirmou o coordenador da COE do Mercantil, Marco Aur\u00e9lio Alves.<\/p>\n<h3>Garantias<\/h3>\n<p>A cl\u00e1usula 42 da CCT define que os bancos garantam assist\u00eancia m\u00e9dica e hospitalar por 60 dias aos banc\u00e1rios demitidos com at\u00e9 cinco anos de v\u00ednculo empregat\u00edcio. Aqueles que t\u00eam entre cinco e 10 anos, 90 dias; aqueles que tinham entre 10 e 20 anos, 180 dias; e os com mais de 20 anos, 270 dias. O banco aceitou prolongar o prazo par mais seis meses.<\/p>\n<p>Al\u00e9m disso, garantiu que n\u00e3o haver\u00e1 mais demiss\u00f5es por conta da reestrutura\u00e7\u00e3o, aumentar o reembolso para requalifica\u00e7\u00e3o profissional e estender o prazo do seguro de vida at\u00e9 30 de abril de 2022.<\/p>\n<p>\u201cBuscamos esticar a corda para que fossem garantidas as conquistas a todos os demitidos. Nos manifestamos pelas redes sociais e com atos nas unidades. Mas, n\u00e3o houve sensibilidade do Mercantil em estender os benef\u00edcios para todos os desligados. O banco ficou irredut\u00edvel\u201d, observou o coordenador da COE. \u201cMesmo assim, avaliamos como positiva a negocia\u00e7\u00e3o, pois conseguimos avan\u00e7ar al\u00e9m do que est\u00e1 previsto na CCT\u201d, concluiu.<\/p>\n<p><strong>Fonte: Contraf-CUT<\/strong><\/p>\n","protected":false},"excerpt":{"rendered":"<p>A Comiss\u00e3o de Organiza\u00e7\u00e3o dos Empregados (COE) do Banco Mercantil do Brasil se reuniu com a dire\u00e7\u00e3o do banco na tarde desta quinta-feira (11) para continuar a negocia\u00e7\u00e3o pelo fim das demiss\u00f5es e por melhores condi\u00e7\u00f5es de trabalho para os trabalhadores e conquistou avan\u00e7os. Os banc\u00e1rios reivindicavam o fim das demiss\u00f5es e, para os demitidos, [&hellip;]<\/p>\n","protected":false},"author":2,"featured_media":11754,"comment_status":"","ping_status":"","sticky":false,"template":"","format":"standard","meta":{"footnotes":""},"categories":[3],"tags":[],"class_list":["post-11755","post","type-post","status-publish","format-standard","has-post-thumbnail","hentry","category-noticias"],"_links":{"self":[{"href":"https:\/\/hostnetart.com.br\/baixada\/wp-json\/wp\/v2\/posts\/11755","targetHints":{"allow":["GET"]}}],"collection":[{"href":"https:\/\/hostnetart.com.br\/baixada\/wp-json\/wp\/v2\/posts"}],"about":[{"href":"https:\/\/hostnetart.com.br\/baixada\/wp-json\/wp\/v2\/types\/post"}],"author":[{"embeddable":true,"href":"https:\/\/hostnetart.com.br\/baixada\/wp-json\/wp\/v2\/users\/2"}],"replies":[{"embeddable":true,"href":"https:\/\/hostnetart.com.br\/baixada\/wp-json\/wp\/v2\/comments?post=11755"}],"version-history":[{"count":0,"href":"https:\/\/hostnetart.com.br\/baixada\/wp-json\/wp\/v2\/posts\/11755\/revisions"}],"wp:featuredmedia":[{"embeddable":true,"href":"https:\/\/hostnetart.com.br\/baixada\/wp-json\/wp\/v2\/media\/11754"}],"wp:attachment":[{"href":"https:\/\/hostnetart.com.br\/baixada\/wp-json\/wp\/v2\/media?parent=11755"}],"wp:term":[{"taxonomy":"category","embeddable":true,"href":"https:\/\/hostnetart.com.br\/baixada\/wp-json\/wp\/v2\/categories?post=11755"},{"taxonomy":"post_tag","embeddable":true,"href":"https:\/\/hostnetart.com.br\/baixada\/wp-json\/wp\/v2\/tags?post=11755"}],"curies":[{"name":"wp","href":"https:\/\/api.w.org\/{rel}","templated":true}]}}