{"id":11747,"date":"2021-11-11T03:08:01","date_gmt":"2021-11-11T06:08:01","guid":{"rendered":"https:\/\/hostnetart.com.br\/baixada\/bancarios-voltam-a-negociar-retorno-ao-trabalho-presencial-no-itau-2\/"},"modified":"2021-11-11T03:08:01","modified_gmt":"2021-11-11T06:08:01","slug":"bancarios-voltam-a-negociar-retorno-ao-trabalho-presencial-no-itau-2","status":"publish","type":"post","link":"https:\/\/hostnetart.com.br\/baixada\/bancarios-voltam-a-negociar-retorno-ao-trabalho-presencial-no-itau-2\/","title":{"rendered":"Banc\u00e1rios voltam a negociar retorno ao trabalho presencial no Ita\u00fa"},"content":{"rendered":"<p>A Comiss\u00e3o de Organiza\u00e7\u00e3o dos Empregados (COE) do Ita\u00fa e membros do Grupo de Trabalho (GT) de Sa\u00fade do Ita\u00fa se reuniram com a dire\u00e7\u00e3o do banco, na tarde desta quarta-feira (10), para discutir o protocolo de retorno ao trabalho presencial dos trabalhadores que est\u00e3o em home office, o retorno dos trabalhadores do Grupo de Risco e o parcelamento do adiantamento de sal\u00e1rio aos trabalhadores afastados.<\/p>\n<p>O banco iniciou a reuni\u00e3o garantindo que os protocolos de sa\u00fade e seguran\u00e7a, como o uso de m\u00e1scara, \u00e1lcool gel, distanciamento e an\u00e1lise dos contactantes quando tem caso suspeito, entre outras medidas, continuam sendo adotados e continuar\u00e3o enquanto o cen\u00e1rio atual permanecer.<\/p>\n<p>Os representantes do Ita\u00fa informaram ainda que o banco \u00e9 contra a realiza\u00e7\u00e3o de exame de retorno, pois as pessoas n\u00e3o est\u00e3o afastadas, est\u00e3o trabalhando em home office e n\u00e3o faz sentido fazer exames.<\/p>\n<p>Para o retorno dos trabalhadores do grupo de risco, o banco estabeleceu o ciclo vacinal completo, mais o per\u00edodo de 14 dias como exig\u00eancia m\u00ednima. Nas ag\u00eancias, este retorno come\u00e7ou a acontecer a partir do dia 4 de outubro. Na administra\u00e7\u00e3o, o processo gradativo est\u00e1 acontecendo com pessoas que est\u00e3o se voluntariando, ainda em n\u00famero reduzido, por conta dos protocolos dos pr\u00e9dios.<\/p>\n<p>O banco deixou claro ainda que todos os banc\u00e1rios que est\u00e3o com ciclo de vacina\u00e7\u00e3o completa e se recusar a retornar ao trabalho presencial por algum impedimento m\u00e9dico devem ser encaminhados ao INSS.<\/p>\n<p>Neste momento, os representantes dos trabalhadores apontaram diversos casos das suas bases de trabalhadores que voltaram sem nenhum exame e foram demitidos, apesar de um problema de sa\u00fade. O movimento sindical, ent\u00e3o, voltou a reivindicar que o banco analise caso a caso o retorno dos trabalhadores do grupo de risco e busque realocar esses mesmo funcion\u00e1rios em Home Office e Teletrabalho.<\/p>\n<h3>Parcelamento de d\u00edvidas<\/h3>\n<p>Os trabalhadores reivindicam ainda a retomada da discuss\u00e3o do parcelamento da d\u00edvida do INSS. O banco sugeriu que fosse marcada uma nova reuni\u00e3o para debater o tema. Entretanto, adiantou que um acordo s\u00f3 ser\u00e1 fechado nacionalmente, com todas entidades representativas dos banc\u00e1rios.<\/p>\n<p><strong>Fonte: Contraf-CUT<\/strong><\/p>\n","protected":false},"excerpt":{"rendered":"<p>A Comiss\u00e3o de Organiza\u00e7\u00e3o dos Empregados (COE) do Ita\u00fa e membros do Grupo de Trabalho (GT) de Sa\u00fade do Ita\u00fa se reuniram com a dire\u00e7\u00e3o do banco, na tarde desta quarta-feira (10), para discutir o protocolo de retorno ao trabalho presencial dos trabalhadores que est\u00e3o em home office, o retorno dos trabalhadores do Grupo de [&hellip;]<\/p>\n","protected":false},"author":2,"featured_media":11746,"comment_status":"","ping_status":"","sticky":false,"template":"","format":"standard","meta":{"footnotes":""},"categories":[3],"tags":[],"class_list":["post-11747","post","type-post","status-publish","format-standard","has-post-thumbnail","hentry","category-noticias"],"_links":{"self":[{"href":"https:\/\/hostnetart.com.br\/baixada\/wp-json\/wp\/v2\/posts\/11747","targetHints":{"allow":["GET"]}}],"collection":[{"href":"https:\/\/hostnetart.com.br\/baixada\/wp-json\/wp\/v2\/posts"}],"about":[{"href":"https:\/\/hostnetart.com.br\/baixada\/wp-json\/wp\/v2\/types\/post"}],"author":[{"embeddable":true,"href":"https:\/\/hostnetart.com.br\/baixada\/wp-json\/wp\/v2\/users\/2"}],"replies":[{"embeddable":true,"href":"https:\/\/hostnetart.com.br\/baixada\/wp-json\/wp\/v2\/comments?post=11747"}],"version-history":[{"count":0,"href":"https:\/\/hostnetart.com.br\/baixada\/wp-json\/wp\/v2\/posts\/11747\/revisions"}],"wp:featuredmedia":[{"embeddable":true,"href":"https:\/\/hostnetart.com.br\/baixada\/wp-json\/wp\/v2\/media\/11746"}],"wp:attachment":[{"href":"https:\/\/hostnetart.com.br\/baixada\/wp-json\/wp\/v2\/media?parent=11747"}],"wp:term":[{"taxonomy":"category","embeddable":true,"href":"https:\/\/hostnetart.com.br\/baixada\/wp-json\/wp\/v2\/categories?post=11747"},{"taxonomy":"post_tag","embeddable":true,"href":"https:\/\/hostnetart.com.br\/baixada\/wp-json\/wp\/v2\/tags?post=11747"}],"curies":[{"name":"wp","href":"https:\/\/api.w.org\/{rel}","templated":true}]}}