{"id":11743,"date":"2021-11-10T12:50:49","date_gmt":"2021-11-10T15:50:49","guid":{"rendered":"https:\/\/hostnetart.com.br\/baixada\/funcionario-do-itau-e-reintegrado-pelo-sindicato-dos-bancarios-da-baixada-fluminense\/"},"modified":"2021-11-10T12:50:49","modified_gmt":"2021-11-10T15:50:49","slug":"funcionario-do-itau-e-reintegrado-pelo-sindicato-dos-bancarios-da-baixada-fluminense","status":"publish","type":"post","link":"https:\/\/hostnetart.com.br\/baixada\/funcionario-do-itau-e-reintegrado-pelo-sindicato-dos-bancarios-da-baixada-fluminense\/","title":{"rendered":"Funcion\u00e1rio do Ita\u00fa \u00e9 reintegrado pelo Sindicato dos Banc\u00e1rios da Baixada Fluminense"},"content":{"rendered":"<p>Nesta quarta-feira, 10 de novembro, o\u00a0Sindicato dos Banc\u00e1rios da Baixada Fluminense reintegrou mais um trabalhador banc\u00e1rio. Desta vez, do Banco Ita\u00fa.<\/p>\n<p>A reintegra\u00e7\u00e3o ocorreu na ag\u00eancia localizada no munic\u00edpio de Queimados e foi acompanhada pelos diretores do Sindicato: R\u00fabio Barros, Pedro Batista e Renata Soeiro.<\/p>\n<p>Leonardo de Pontes Cabral foi demitido em 2018. Na \u00e9poca, o trabalhador obteve benef\u00edcio previdenci\u00e1rio. Durante a instru\u00e7\u00e3o processual, foi produzida a prova pericial m\u00e9dica, concluindo que, no momento da dispensa, ele estava acometido de doen\u00e7a e, portanto, inapto.<\/p>\n<p>Dessa forma, o processo foi julgado procedente, determinando a imediata reintegra\u00e7\u00e3o do banc\u00e1rio.<\/p>\n<p><span style=\"text-decoration: underline;\">IMPORTANTE<\/span><\/p>\n<p>Leonardo \u00e9 sindicalizado e, logo ap\u00f3s seu desligamento, procurou atendimento no Sindicato dos Banc\u00e1rios da Baixada Fluminense, onde foi prontamente atendido pelos Departamentos Jur\u00eddico e de Sa\u00fade.<\/p>\n<p>\u00c9 fundamental que banc\u00e1rias e banc\u00e1rios, logo que sejam informados de suas demiss\u00f5es, procurem imediatamente atendimento no Sindicato.<\/p>\n<p>SINDICALIZE-SE<\/p>\n<p>\u00a0<\/p>\n<p>\u00a0<\/p>\n<p>\u00a0<\/p>\n<div class=\"elementor elementor-12132 elementor-location-footer\" data-elementor-type=\"footer\" data-elementor-id=\"12132\" data-elementor-settings=\"[]\">\u00a0<\/div>\n<div class=\"elementor-element elementor-element-081705a elementor-widget elementor-widget-theme-post-title elementor-page-title elementor-widget-heading\" data-id=\"081705a\" data-element_type=\"widget\" data-widget_type=\"theme-post-title.default\">\u00a0<\/div>\n","protected":false},"excerpt":{"rendered":"<p>Nesta quarta-feira, 10 de novembro, o\u00a0Sindicato dos Banc\u00e1rios da Baixada Fluminense reintegrou mais um trabalhador banc\u00e1rio. Desta vez, do Banco Ita\u00fa. A reintegra\u00e7\u00e3o ocorreu na ag\u00eancia localizada no munic\u00edpio de Queimados e foi acompanhada pelos diretores do Sindicato: R\u00fabio Barros, Pedro Batista e Renata Soeiro. Leonardo de Pontes Cabral foi demitido em 2018. Na \u00e9poca, [&hellip;]<\/p>\n","protected":false},"author":2,"featured_media":11742,"comment_status":"","ping_status":"","sticky":false,"template":"","format":"standard","meta":{"footnotes":""},"categories":[3],"tags":[],"class_list":["post-11743","post","type-post","status-publish","format-standard","has-post-thumbnail","hentry","category-noticias"],"_links":{"self":[{"href":"https:\/\/hostnetart.com.br\/baixada\/wp-json\/wp\/v2\/posts\/11743","targetHints":{"allow":["GET"]}}],"collection":[{"href":"https:\/\/hostnetart.com.br\/baixada\/wp-json\/wp\/v2\/posts"}],"about":[{"href":"https:\/\/hostnetart.com.br\/baixada\/wp-json\/wp\/v2\/types\/post"}],"author":[{"embeddable":true,"href":"https:\/\/hostnetart.com.br\/baixada\/wp-json\/wp\/v2\/users\/2"}],"replies":[{"embeddable":true,"href":"https:\/\/hostnetart.com.br\/baixada\/wp-json\/wp\/v2\/comments?post=11743"}],"version-history":[{"count":0,"href":"https:\/\/hostnetart.com.br\/baixada\/wp-json\/wp\/v2\/posts\/11743\/revisions"}],"wp:featuredmedia":[{"embeddable":true,"href":"https:\/\/hostnetart.com.br\/baixada\/wp-json\/wp\/v2\/media\/11742"}],"wp:attachment":[{"href":"https:\/\/hostnetart.com.br\/baixada\/wp-json\/wp\/v2\/media?parent=11743"}],"wp:term":[{"taxonomy":"category","embeddable":true,"href":"https:\/\/hostnetart.com.br\/baixada\/wp-json\/wp\/v2\/categories?post=11743"},{"taxonomy":"post_tag","embeddable":true,"href":"https:\/\/hostnetart.com.br\/baixada\/wp-json\/wp\/v2\/tags?post=11743"}],"curies":[{"name":"wp","href":"https:\/\/api.w.org\/{rel}","templated":true}]}}