{"id":11741,"date":"2021-11-10T12:47:12","date_gmt":"2021-11-10T15:47:12","guid":{"rendered":"https:\/\/hostnetart.com.br\/baixada\/trabalhadores-reforcam-acoes-no-distrito-federal-contra-a-votacao-da-pec-32\/"},"modified":"2021-11-10T12:47:12","modified_gmt":"2021-11-10T15:47:12","slug":"trabalhadores-reforcam-acoes-no-distrito-federal-contra-a-votacao-da-pec-32","status":"publish","type":"post","link":"https:\/\/hostnetart.com.br\/baixada\/trabalhadores-reforcam-acoes-no-distrito-federal-contra-a-votacao-da-pec-32\/","title":{"rendered":"Trabalhadores refor\u00e7am a\u00e7\u00f5es no Distrito Federal contra a vota\u00e7\u00e3o da PEC 32"},"content":{"rendered":"<p>A proposta da Reforma Administrativa (PEC 32), que p\u00f5e fim \u00e0 presta\u00e7\u00e3o de servi\u00e7os p\u00fablicos no pa\u00eds e retira direitos dos servidores p\u00fablicos, foi aprovada na Comiss\u00e3o Especial da C\u00e2mara dos Deputados em setembro deste ano e pode ser levada para vota\u00e7\u00e3o no Plen\u00e1rio da Casa a qualquer momento.<\/p>\n<p>Para pressionar os parlamentares a votarem contra a medida, a Central \u00danica dos Trabalhadores do Distrito Federal (CUT-DF) e servidores p\u00fablicos est\u00e3o mobilizados em Bras\u00edlia para a realiza\u00e7\u00e3o de diversas a\u00e7\u00f5es em oposi\u00e7\u00e3o ao projeto.<\/p>\n<p><strong>::\u00a0<a href=\"https:\/\/www.brasildefatodf.com.br\/2021\/10\/28\/a-reforma-administrativa-e-contra-a-populacao-brasileira\">A reforma administrativa \u00e9 contra a popula\u00e7\u00e3o brasileira<\/a>\u00a0::<\/strong><\/p>\n<p>Al\u00e9m de recepcionar, com faixas e cartazes, os parlamentares que chegam a Bras\u00edlia para os trabalhos no Congresso, os manifestantes organizam a realiza\u00e7\u00e3o de atos e vig\u00edlias no Anexo II da C\u00e2mara dos Deputados. A mobiliza\u00e7\u00e3o em frente \u00e0 Casa acontece a partir desta ter\u00e7a (9), e volta a ocorrer na quarta (10) e quinta-feira (11), sempre \u00e0s 14h.<\/p>\n<p><span style=\"text-decoration: underline;\">Na press\u00e3o<\/span><\/p>\n<p>Nas redes sociais, as entidades tamb\u00e9m se articulam para pressionar os deputados e deputadas federais contra a PEC 32. Por meio da plataforma digital\u00a0<a href=\"https:\/\/napressao.org.br\/campanha\/diga-nao-a-reforma-administrativa\" target=\"_blank\" rel=\"noopener noreferrer\">\u201cNa Press\u00e3o&#8221;<\/a>, desenvolvida pela CUT para auxiliar na luta em defesa dos servi\u00e7os p\u00fablicos, a popula\u00e7\u00e3o, com apenas alguns cliques, pode enviar mensagens aos parlamentares a votarem contra a Reforma Administrativa.<\/p>\n<p><strong>Fonte:\u00a0<\/strong><a href=\"https:\/\/www.brasildefatodf.com.br\/2021\/11\/09\/trabalhadores-reforcam-acoes-no-df-contra-a-votacao-da-pec-32\" target=\"_blank\" rel=\"noopener noreferrer\">BdF Distrito Federal<\/a><\/p>\n","protected":false},"excerpt":{"rendered":"<p>A proposta da Reforma Administrativa (PEC 32), que p\u00f5e fim \u00e0 presta\u00e7\u00e3o de servi\u00e7os p\u00fablicos no pa\u00eds e retira direitos dos servidores p\u00fablicos, foi aprovada na Comiss\u00e3o Especial da C\u00e2mara dos Deputados em setembro deste ano e pode ser levada para vota\u00e7\u00e3o no Plen\u00e1rio da Casa a qualquer momento. Para pressionar os parlamentares a votarem [&hellip;]<\/p>\n","protected":false},"author":2,"featured_media":11740,"comment_status":"","ping_status":"","sticky":false,"template":"","format":"standard","meta":{"footnotes":""},"categories":[3],"tags":[],"class_list":["post-11741","post","type-post","status-publish","format-standard","has-post-thumbnail","hentry","category-noticias"],"_links":{"self":[{"href":"https:\/\/hostnetart.com.br\/baixada\/wp-json\/wp\/v2\/posts\/11741","targetHints":{"allow":["GET"]}}],"collection":[{"href":"https:\/\/hostnetart.com.br\/baixada\/wp-json\/wp\/v2\/posts"}],"about":[{"href":"https:\/\/hostnetart.com.br\/baixada\/wp-json\/wp\/v2\/types\/post"}],"author":[{"embeddable":true,"href":"https:\/\/hostnetart.com.br\/baixada\/wp-json\/wp\/v2\/users\/2"}],"replies":[{"embeddable":true,"href":"https:\/\/hostnetart.com.br\/baixada\/wp-json\/wp\/v2\/comments?post=11741"}],"version-history":[{"count":0,"href":"https:\/\/hostnetart.com.br\/baixada\/wp-json\/wp\/v2\/posts\/11741\/revisions"}],"wp:featuredmedia":[{"embeddable":true,"href":"https:\/\/hostnetart.com.br\/baixada\/wp-json\/wp\/v2\/media\/11740"}],"wp:attachment":[{"href":"https:\/\/hostnetart.com.br\/baixada\/wp-json\/wp\/v2\/media?parent=11741"}],"wp:term":[{"taxonomy":"category","embeddable":true,"href":"https:\/\/hostnetart.com.br\/baixada\/wp-json\/wp\/v2\/categories?post=11741"},{"taxonomy":"post_tag","embeddable":true,"href":"https:\/\/hostnetart.com.br\/baixada\/wp-json\/wp\/v2\/tags?post=11741"}],"curies":[{"name":"wp","href":"https:\/\/api.w.org\/{rel}","templated":true}]}}